{"id":3241,"date":"2026-02-23T02:23:08","date_gmt":"2026-02-23T01:23:08","guid":{"rendered":"https:\/\/radio.descargalatina.cl\/latina\/?p=3241"},"modified":"2026-03-08T05:33:59","modified_gmt":"2026-03-08T04:33:59","slug":"sandra-lorenti-que-no-muera-la-esperanza","status":"publish","type":"post","link":"https:\/\/radio.descargalatina.cl\/latina\/sandra-lorenti-que-no-muera-la-esperanza\/","title":{"rendered":"\u201cQue no muera la esperanza\u201d"},"content":{"rendered":"\n<h3 class=\"wp-block-heading\">Sandra Lorenti estrena \u201cQue no muera la esperanza\u201d: Un himno de resiliencia y fe desde Puerto Rico<\/h3>\n\n\n\n<p><strong>Guaynabo, Puerto Rico<\/strong> \u2014 La escena musical recibe con entusiasmo a la reconocida cantante <strong>Sandra Lorenti<\/strong>, quien anuncia el estreno oficial de su nuevo sencillo titulado <strong>\u201cQue no muera la esperanza\u201d<\/strong>. Esta balada, cargada de una emotividad excepcional, estar\u00e1 disponible en todas las plataformas digitales a partir del <strong>18 de febrero de 2026<\/strong>.<br><\/p>\n\n\n\n<h4 class=\"wp-block-heading\"><strong>Una obra \u00edntima con sello familiar<\/strong><\/h4>\n\n\n\n<p>\u201cQue no muera la esperanza\u201d no es solo una canci\u00f3n; es un llamado profundo a la resiliencia y a la fe como motores de vida. La pieza fue compuesta por su esposo, <strong>Jos\u00e9 P\u00e9rez Garc\u00eda<\/strong>, quien tambi\u00e9n lider\u00f3 la producci\u00f3n del videoclip oficial, logrando una sinergia art\u00edstica que traspasa la pantalla.<\/p>\n\n\n\n<p>El apartado musical destaca por la direcci\u00f3n de <strong>Isaac Sakko<\/strong> (piano y bajo), cuya grabaci\u00f3n en <strong>Redemption Studio<\/strong> logr\u00f3 una atm\u00f3sfera envolvente que potencia el mensaje espiritual de Lorenti.<br><\/p>\n\n\n\n<h4 class=\"wp-block-heading\"><strong>El legado de \u201cFe, Esperanza y Conciencia\u201d<\/strong><\/h4>\n\n\n\n<p>Este lanzamiento llega para expandir el \u00e9xito cosechado con su \u00e1lbum de 2025, <em>\u201cFe, Esperanza y Conciencia\u201d<\/em>. Dicho proyecto no solo reafirm\u00f3 a Lorenti como una voz inspiracional, sino que incluy\u00f3 colaboraciones memorables con su hija, <strong>Paloma Mya P\u00e9rez Lorenti<\/strong>, y versiones de autores ic\u00f3nicos como:<\/p>\n\n\n\n<ul class=\"wp-block-list\">\n<li>Lenny Salcedo<\/li>\n\n\n\n<li>Bobby Cap\u00f3<\/li>\n\n\n\n<li>Guillermo Venegas Lloveras<br><br><\/li>\n<\/ul>\n\n\n\n<figure class=\"wp-block-embed is-type-video is-provider-youtube wp-block-embed-youtube wp-embed-aspect-16-9 wp-has-aspect-ratio\"><div class=\"wp-block-embed__wrapper\">\n<iframe loading=\"lazy\" title=\"Sandra Lorenti- Que no muera la Esperanza (Video Oficial)\" width=\"1140\" height=\"641\" src=\"https:\/\/www.youtube.com\/embed\/ny5wMykSlhM?feature=oembed\" frameborder=\"0\" allow=\"accelerometer; autoplay; clipboard-write; encrypted-media; gyroscope; picture-in-picture; web-share\" referrerpolicy=\"strict-origin-when-cross-origin\" allowfullscreen><\/iframe>\n<\/div><\/figure>\n\n\n\n<h4 class=\"wp-block-heading\"><strong>Sobre la artista<\/strong><\/h4>\n\n\n\n<p><strong>Sandra Lorenti<\/strong> se ha consolidado en la industria como una baladista de alma y conciencia. Su trayectoria est\u00e1 marcada por la capacidad de transformar la nostalgia y la fe en mensajes positivos, invitando a su audiencia al fortalecimiento del esp\u00edritu a trav\u00e9s de l\u00edricas profundas y arreglos impecables.<\/p>\n","protected":false},"excerpt":{"rendered":"<p>Sandra Lorenti estrena \u201cQue no muera la esperanza\u201d: Un himno de resiliencia y fe desde Puerto Rico Guaynabo, Puerto Rico \u2014 La escena musical recibe con entusiasmo a la reconocida cantante Sandra Lorenti, quien anuncia el estreno oficial de su nuevo sencillo titulado \u201cQue no muera la esperanza\u201d. Esta balada, cargada de una emotividad excepcional, [&hellip;]<\/p>\n","protected":false},"author":2,"featured_media":3243,"comment_status":"open","ping_status":"closed","sticky":false,"template":"","format":"standard","meta":{"footnotes":""},"categories":[6,10],"tags":[51,52,68],"class_list":["post-3241","post","type-post","status-publish","format-standard","has-post-thumbnail","hentry","category-internacionales","category-noticias","tag-lanzamientos","tag-salsa","tag-salsa-internacional"],"featured_image_src":{"landsacpe":["https:\/\/radio.descargalatina.cl\/latina\/wp-content\/uploads\/2026\/03\/sandra-lorenti-1140x445.png",1140,445,true],"list":["https:\/\/radio.descargalatina.cl\/latina\/wp-content\/uploads\/2026\/03\/sandra-lorenti-463x348.png",463,348,true],"medium":["https:\/\/radio.descargalatina.cl\/latina\/wp-content\/uploads\/2026\/03\/sandra-lorenti-300x126.png",300,126,true],"full":["https:\/\/radio.descargalatina.cl\/latina\/wp-content\/uploads\/2026\/03\/sandra-lorenti.png",1280,538,false]},"yoast_head":"<!-- This site is optimized with the Yoast SEO plugin v27.1.1 - https:\/\/yoast.com\/product\/yoast-seo-wordpress\/ -->\n<title>\u201cQue no muera la esperanza\u201d - Descargalatina.cl<\/title>\n<meta name=\"description\" content=\"Sandra Lorenti estrena \u201cQue no muera la esperanza\u201d, una emotiva balada de fe y resiliencia desde Puerto Rico que ya est\u00e1 disponible en todas las plataformas digitales.\" \/>\n<meta name=\"robots\" content=\"index, follow, max-snippet:-1, max-image-preview:large, max-video-preview:-1\" \/>\n<link rel=\"canonical\" href=\"https:\/\/radio.descargalatina.cl\/latina\/sandra-lorenti-que-no-muera-la-esperanza\/\" \/>\n<meta property=\"og:locale\" content=\"es_ES\" \/>\n<meta property=\"og:type\" content=\"article\" \/>\n<meta property=\"og:title\" content=\"\u201cQue no muera la esperanza\u201d - Descargalatina.cl\" \/>\n<meta property=\"og:description\" content=\"Sandra Lorenti estrena \u201cQue no muera la esperanza\u201d, una emotiva balada de fe y resiliencia desde Puerto Rico que ya est\u00e1 disponible en todas las plataformas digitales.\" \/>\n<meta property=\"og:url\" content=\"https:\/\/radio.descargalatina.cl\/latina\/sandra-lorenti-que-no-muera-la-esperanza\/\" \/>\n<meta property=\"og:site_name\" content=\"Descargalatina.cl\" \/>\n<meta property=\"article:published_time\" content=\"2026-02-23T01:23:08+00:00\" \/>\n<meta property=\"article:modified_time\" content=\"2026-03-08T04:33:59+00:00\" \/>\n<meta property=\"og:image\" content=\"https:\/\/radio.descargalatina.cl\/latina\/wp-content\/uploads\/2026\/03\/sandra-lorenti.png\" \/>\n\t<meta property=\"og:image:width\" content=\"1280\" \/>\n\t<meta property=\"og:image:height\" content=\"538\" \/>\n\t<meta property=\"og:image:type\" content=\"image\/png\" \/>\n<meta name=\"author\" content=\"Prensa Descargalatina\" \/>\n<meta name=\"twitter:card\" content=\"summary_large_image\" \/>\n<meta name=\"twitter:label1\" content=\"Escrito por\" \/>\n\t<meta name=\"twitter:data1\" content=\"Prensa Descargalatina\" \/>\n\t<meta name=\"twitter:label2\" content=\"Tiempo de lectura\" \/>\n\t<meta name=\"twitter:data2\" content=\"2 minutos\" \/>\n<script type=\"application\/ld+json\" class=\"yoast-schema-graph\">{\"@context\":\"https:\/\/schema.org\",\"@graph\":[{\"@type\":\"Article\",\"@id\":\"https:\/\/radio.descargalatina.cl\/latina\/sandra-lorenti-que-no-muera-la-esperanza\/#article\",\"isPartOf\":{\"@id\":\"https:\/\/radio.descargalatina.cl\/latina\/sandra-lorenti-que-no-muera-la-esperanza\/\"},\"author\":{\"name\":\"Prensa Descargalatina\",\"@id\":\"https:\/\/radio.descargalatina.cl\/latina\/#\/schema\/person\/627f0e7927ab7234a890f235c524d2db\"},\"headline\":\"\u201cQue no muera la esperanza\u201d\",\"datePublished\":\"2026-02-23T01:23:08+00:00\",\"dateModified\":\"2026-03-08T04:33:59+00:00\",\"mainEntityOfPage\":{\"@id\":\"https:\/\/radio.descargalatina.cl\/latina\/sandra-lorenti-que-no-muera-la-esperanza\/\"},\"wordCount\":290,\"commentCount\":0,\"publisher\":{\"@id\":\"https:\/\/radio.descargalatina.cl\/latina\/#\/schema\/person\/556e3fed329a665452898b34c88bfe06\"},\"image\":{\"@id\":\"https:\/\/radio.descargalatina.cl\/latina\/sandra-lorenti-que-no-muera-la-esperanza\/#primaryimage\"},\"thumbnailUrl\":\"https:\/\/radio.descargalatina.cl\/latina\/wp-content\/uploads\/2026\/03\/sandra-lorenti.png\",\"keywords\":[\"lanzamientos\",\"salsa\",\"salsa internacional\"],\"articleSection\":[\"Internacionales\",\"Noticias\"],\"inLanguage\":\"es\",\"potentialAction\":[{\"@type\":\"CommentAction\",\"name\":\"Comment\",\"target\":[\"https:\/\/radio.descargalatina.cl\/latina\/sandra-lorenti-que-no-muera-la-esperanza\/#respond\"]}]},{\"@type\":\"WebPage\",\"@id\":\"https:\/\/radio.descargalatina.cl\/latina\/sandra-lorenti-que-no-muera-la-esperanza\/\",\"url\":\"https:\/\/radio.descargalatina.cl\/latina\/sandra-lorenti-que-no-muera-la-esperanza\/\",\"name\":\"\u201cQue no muera la esperanza\u201d - Descargalatina.cl\",\"isPartOf\":{\"@id\":\"https:\/\/radio.descargalatina.cl\/latina\/#website\"},\"primaryImageOfPage\":{\"@id\":\"https:\/\/radio.descargalatina.cl\/latina\/sandra-lorenti-que-no-muera-la-esperanza\/#primaryimage\"},\"image\":{\"@id\":\"https:\/\/radio.descargalatina.cl\/latina\/sandra-lorenti-que-no-muera-la-esperanza\/#primaryimage\"},\"thumbnailUrl\":\"https:\/\/radio.descargalatina.cl\/latina\/wp-content\/uploads\/2026\/03\/sandra-lorenti.png\",\"datePublished\":\"2026-02-23T01:23:08+00:00\",\"dateModified\":\"2026-03-08T04:33:59+00:00\",\"description\":\"Sandra Lorenti estrena \u201cQue no muera la esperanza\u201d, una emotiva balada de fe y resiliencia desde Puerto Rico que ya est\u00e1 disponible en todas las plataformas digitales.\",\"breadcrumb\":{\"@id\":\"https:\/\/radio.descargalatina.cl\/latina\/sandra-lorenti-que-no-muera-la-esperanza\/#breadcrumb\"},\"inLanguage\":\"es\",\"potentialAction\":[{\"@type\":\"ReadAction\",\"target\":[\"https:\/\/radio.descargalatina.cl\/latina\/sandra-lorenti-que-no-muera-la-esperanza\/\"]}]},{\"@type\":\"ImageObject\",\"inLanguage\":\"es\",\"@id\":\"https:\/\/radio.descargalatina.cl\/latina\/sandra-lorenti-que-no-muera-la-esperanza\/#primaryimage\",\"url\":\"https:\/\/radio.descargalatina.cl\/latina\/wp-content\/uploads\/2026\/03\/sandra-lorenti.png\",\"contentUrl\":\"https:\/\/radio.descargalatina.cl\/latina\/wp-content\/uploads\/2026\/03\/sandra-lorenti.png\",\"width\":1280,\"height\":538},{\"@type\":\"BreadcrumbList\",\"@id\":\"https:\/\/radio.descargalatina.cl\/latina\/sandra-lorenti-que-no-muera-la-esperanza\/#breadcrumb\",\"itemListElement\":[{\"@type\":\"ListItem\",\"position\":1,\"name\":\"Portada\",\"item\":\"https:\/\/radio.descargalatina.cl\/latina\/\"},{\"@type\":\"ListItem\",\"position\":2,\"name\":\"\u201cQue no muera la esperanza\u201d\"}]},{\"@type\":\"WebSite\",\"@id\":\"https:\/\/radio.descargalatina.cl\/latina\/#website\",\"url\":\"https:\/\/radio.descargalatina.cl\/latina\/\",\"name\":\"Descargalatina.cl 2025\",\"description\":\"el portal radio de m\u00fasica latina en Chile.\",\"publisher\":{\"@id\":\"https:\/\/radio.descargalatina.cl\/latina\/#\/schema\/person\/556e3fed329a665452898b34c88bfe06\"},\"potentialAction\":[{\"@type\":\"SearchAction\",\"target\":{\"@type\":\"EntryPoint\",\"urlTemplate\":\"https:\/\/radio.descargalatina.cl\/latina\/?s={search_term_string}\"},\"query-input\":{\"@type\":\"PropertyValueSpecification\",\"valueRequired\":true,\"valueName\":\"search_term_string\"}}],\"inLanguage\":\"es\"},{\"@type\":[\"Person\",\"Organization\"],\"@id\":\"https:\/\/radio.descargalatina.cl\/latina\/#\/schema\/person\/556e3fed329a665452898b34c88bfe06\",\"name\":\"jonnmerino@gmail.com\",\"logo\":{\"@id\":\"https:\/\/radio.descargalatina.cl\/latina\/#\/schema\/person\/image\/\"},\"sameAs\":[\"https:\/\/radio.descargalatina.cl\/latina\"]},{\"@type\":\"Person\",\"@id\":\"https:\/\/radio.descargalatina.cl\/latina\/#\/schema\/person\/627f0e7927ab7234a890f235c524d2db\",\"name\":\"Prensa Descargalatina\",\"url\":\"https:\/\/radio.descargalatina.cl\/latina\/author\/contactocreaideas-cl\/\"}]}<\/script>\n<!-- \/ Yoast SEO plugin. -->","yoast_head_json":{"title":"\u201cQue no muera la esperanza\u201d - Descargalatina.cl","description":"Sandra Lorenti estrena \u201cQue no muera la esperanza\u201d, una emotiva balada de fe y resiliencia desde Puerto Rico que ya est\u00e1 disponible en todas las plataformas digitales.","robots":{"index":"index","follow":"follow","max-snippet":"max-snippet:-1","max-image-preview":"max-image-preview:large","max-video-preview":"max-video-preview:-1"},"canonical":"https:\/\/radio.descargalatina.cl\/latina\/sandra-lorenti-que-no-muera-la-esperanza\/","og_locale":"es_ES","og_type":"article","og_title":"\u201cQue no muera la esperanza\u201d - Descargalatina.cl","og_description":"Sandra Lorenti estrena \u201cQue no muera la esperanza\u201d, una emotiva balada de fe y resiliencia desde Puerto Rico que ya est\u00e1 disponible en todas las plataformas digitales.","og_url":"https:\/\/radio.descargalatina.cl\/latina\/sandra-lorenti-que-no-muera-la-esperanza\/","og_site_name":"Descargalatina.cl","article_published_time":"2026-02-23T01:23:08+00:00","article_modified_time":"2026-03-08T04:33:59+00:00","og_image":[{"width":1280,"height":538,"url":"https:\/\/radio.descargalatina.cl\/latina\/wp-content\/uploads\/2026\/03\/sandra-lorenti.png","type":"image\/png"}],"author":"Prensa Descargalatina","twitter_card":"summary_large_image","twitter_misc":{"Escrito por":"Prensa Descargalatina","Tiempo de lectura":"2 minutos"},"schema":{"@context":"https:\/\/schema.org","@graph":[{"@type":"Article","@id":"https:\/\/radio.descargalatina.cl\/latina\/sandra-lorenti-que-no-muera-la-esperanza\/#article","isPartOf":{"@id":"https:\/\/radio.descargalatina.cl\/latina\/sandra-lorenti-que-no-muera-la-esperanza\/"},"author":{"name":"Prensa Descargalatina","@id":"https:\/\/radio.descargalatina.cl\/latina\/#\/schema\/person\/627f0e7927ab7234a890f235c524d2db"},"headline":"\u201cQue no muera la esperanza\u201d","datePublished":"2026-02-23T01:23:08+00:00","dateModified":"2026-03-08T04:33:59+00:00","mainEntityOfPage":{"@id":"https:\/\/radio.descargalatina.cl\/latina\/sandra-lorenti-que-no-muera-la-esperanza\/"},"wordCount":290,"commentCount":0,"publisher":{"@id":"https:\/\/radio.descargalatina.cl\/latina\/#\/schema\/person\/556e3fed329a665452898b34c88bfe06"},"image":{"@id":"https:\/\/radio.descargalatina.cl\/latina\/sandra-lorenti-que-no-muera-la-esperanza\/#primaryimage"},"thumbnailUrl":"https:\/\/radio.descargalatina.cl\/latina\/wp-content\/uploads\/2026\/03\/sandra-lorenti.png","keywords":["lanzamientos","salsa","salsa internacional"],"articleSection":["Internacionales","Noticias"],"inLanguage":"es","potentialAction":[{"@type":"CommentAction","name":"Comment","target":["https:\/\/radio.descargalatina.cl\/latina\/sandra-lorenti-que-no-muera-la-esperanza\/#respond"]}]},{"@type":"WebPage","@id":"https:\/\/radio.descargalatina.cl\/latina\/sandra-lorenti-que-no-muera-la-esperanza\/","url":"https:\/\/radio.descargalatina.cl\/latina\/sandra-lorenti-que-no-muera-la-esperanza\/","name":"\u201cQue no muera la esperanza\u201d - Descargalatina.cl","isPartOf":{"@id":"https:\/\/radio.descargalatina.cl\/latina\/#website"},"primaryImageOfPage":{"@id":"https:\/\/radio.descargalatina.cl\/latina\/sandra-lorenti-que-no-muera-la-esperanza\/#primaryimage"},"image":{"@id":"https:\/\/radio.descargalatina.cl\/latina\/sandra-lorenti-que-no-muera-la-esperanza\/#primaryimage"},"thumbnailUrl":"https:\/\/radio.descargalatina.cl\/latina\/wp-content\/uploads\/2026\/03\/sandra-lorenti.png","datePublished":"2026-02-23T01:23:08+00:00","dateModified":"2026-03-08T04:33:59+00:00","description":"Sandra Lorenti estrena \u201cQue no muera la esperanza\u201d, una emotiva balada de fe y resiliencia desde Puerto Rico que ya est\u00e1 disponible en todas las plataformas digitales.","breadcrumb":{"@id":"https:\/\/radio.descargalatina.cl\/latina\/sandra-lorenti-que-no-muera-la-esperanza\/#breadcrumb"},"inLanguage":"es","potentialAction":[{"@type":"ReadAction","target":["https:\/\/radio.descargalatina.cl\/latina\/sandra-lorenti-que-no-muera-la-esperanza\/"]}]},{"@type":"ImageObject","inLanguage":"es","@id":"https:\/\/radio.descargalatina.cl\/latina\/sandra-lorenti-que-no-muera-la-esperanza\/#primaryimage","url":"https:\/\/radio.descargalatina.cl\/latina\/wp-content\/uploads\/2026\/03\/sandra-lorenti.png","contentUrl":"https:\/\/radio.descargalatina.cl\/latina\/wp-content\/uploads\/2026\/03\/sandra-lorenti.png","width":1280,"height":538},{"@type":"BreadcrumbList","@id":"https:\/\/radio.descargalatina.cl\/latina\/sandra-lorenti-que-no-muera-la-esperanza\/#breadcrumb","itemListElement":[{"@type":"ListItem","position":1,"name":"Portada","item":"https:\/\/radio.descargalatina.cl\/latina\/"},{"@type":"ListItem","position":2,"name":"\u201cQue no muera la esperanza\u201d"}]},{"@type":"WebSite","@id":"https:\/\/radio.descargalatina.cl\/latina\/#website","url":"https:\/\/radio.descargalatina.cl\/latina\/","name":"Descargalatina.cl 2025","description":"el portal radio de m\u00fasica latina en Chile.","publisher":{"@id":"https:\/\/radio.descargalatina.cl\/latina\/#\/schema\/person\/556e3fed329a665452898b34c88bfe06"},"potentialAction":[{"@type":"SearchAction","target":{"@type":"EntryPoint","urlTemplate":"https:\/\/radio.descargalatina.cl\/latina\/?s={search_term_string}"},"query-input":{"@type":"PropertyValueSpecification","valueRequired":true,"valueName":"search_term_string"}}],"inLanguage":"es"},{"@type":["Person","Organization"],"@id":"https:\/\/radio.descargalatina.cl\/latina\/#\/schema\/person\/556e3fed329a665452898b34c88bfe06","name":"jonnmerino@gmail.com","logo":{"@id":"https:\/\/radio.descargalatina.cl\/latina\/#\/schema\/person\/image\/"},"sameAs":["https:\/\/radio.descargalatina.cl\/latina"]},{"@type":"Person","@id":"https:\/\/radio.descargalatina.cl\/latina\/#\/schema\/person\/627f0e7927ab7234a890f235c524d2db","name":"Prensa Descargalatina","url":"https:\/\/radio.descargalatina.cl\/latina\/author\/contactocreaideas-cl\/"}]}},"_links":{"self":[{"href":"https:\/\/radio.descargalatina.cl\/latina\/wp-json\/wp\/v2\/posts\/3241","targetHints":{"allow":["GET"]}}],"collection":[{"href":"https:\/\/radio.descargalatina.cl\/latina\/wp-json\/wp\/v2\/posts"}],"about":[{"href":"https:\/\/radio.descargalatina.cl\/latina\/wp-json\/wp\/v2\/types\/post"}],"author":[{"embeddable":true,"href":"https:\/\/radio.descargalatina.cl\/latina\/wp-json\/wp\/v2\/users\/2"}],"replies":[{"embeddable":true,"href":"https:\/\/radio.descargalatina.cl\/latina\/wp-json\/wp\/v2\/comments?post=3241"}],"version-history":[{"count":1,"href":"https:\/\/radio.descargalatina.cl\/latina\/wp-json\/wp\/v2\/posts\/3241\/revisions"}],"predecessor-version":[{"id":3242,"href":"https:\/\/radio.descargalatina.cl\/latina\/wp-json\/wp\/v2\/posts\/3241\/revisions\/3242"}],"wp:featuredmedia":[{"embeddable":true,"href":"https:\/\/radio.descargalatina.cl\/latina\/wp-json\/wp\/v2\/media\/3243"}],"wp:attachment":[{"href":"https:\/\/radio.descargalatina.cl\/latina\/wp-json\/wp\/v2\/media?parent=3241"}],"wp:term":[{"taxonomy":"category","embeddable":true,"href":"https:\/\/radio.descargalatina.cl\/latina\/wp-json\/wp\/v2\/categories?post=3241"},{"taxonomy":"post_tag","embeddable":true,"href":"https:\/\/radio.descargalatina.cl\/latina\/wp-json\/wp\/v2\/tags?post=3241"}],"curies":[{"name":"wp","href":"https:\/\/api.w.org\/{rel}","templated":true}]}}