{"id":3258,"date":"2026-03-17T01:57:29","date_gmt":"2026-03-17T00:57:29","guid":{"rendered":"https:\/\/radio.descargalatina.cl\/latina\/?p=3258"},"modified":"2026-03-17T02:08:32","modified_gmt":"2026-03-17T01:08:32","slug":"salsa-en-chile-2026-eventos-agenda","status":"publish","type":"post","link":"https:\/\/radio.descargalatina.cl\/latina\/salsa-en-chile-2026-eventos-agenda\/","title":{"rendered":"Salsa en Chile 2026"},"content":{"rendered":"\n<p><\/p>\n\n\n\n<h3 class=\"wp-block-heading\">Salsa en Chile 2026: eventos, historia y auge del movimiento salsero.<\/h3>\n\n\n\n<p>El movimiento ha pasado de los discos que tra\u00edan los marinos a Valpara\u00edso en los 70, a ser una industria con orquestas locales de exportaci\u00f3n como <strong>la <em>Santiago All Stars, NegroSon Orquesta<\/em><\/strong>, La Orquesta de <strong>Manuel Ram\u00edrez<\/strong> y varias m\u00e1s con integrantes j\u00f3venes de distintas nacionalidades con nuevos estilos y sabor. Una red de salsotecas que no envidian nada a Cali o San Juan. La salsa aqu\u00ed ya no es solo baile; es un fen\u00f3meno de <strong>integraci\u00f3n cultural<\/strong>.<br><\/p>\n\n\n\n<h3 class=\"wp-block-heading\">Pr\u00f3ximos Eventos Imperdibles (Marzo &#8211; Mayo 2026)<\/h3>\n\n\n\n<p>Si quieres estar donde las papas queman, anota estas fechas:<\/p>\n\n\n\n<ul class=\"wp-block-list\">\n<li><strong>Chile Latin Fest 2026 (Santiago):<\/strong> El evento magno para los amantes del baile. Se realizar\u00e1 del <strong>20 al 22 de marzo<\/strong>. Es el punto de encuentro de los mejores exponentes nacionales e internacionales.<\/li>\n\n\n\n<li><strong>Juan Formell y Los Van Van (Teatro Caupolic\u00e1n):<\/strong> El \u00abTren de Cuba\u00bb llega el <strong>9 de abril<\/strong>. Para cualquier periodista de ritmos latinos, esto es una c\u00e1tedra de historia viva.<\/li>\n\n\n\n<li><strong>Jerry Rivera (Teatro Caupolic\u00e1n):<\/strong> Para los rom\u00e1nticos, el \u00abCara de Ni\u00f1o\u00bb se presenta el <strong>17 de abril<\/strong>.<\/li>\n\n\n\n<li><strong>Grupo Niche (Gran Arena Monticello):<\/strong> La leyenda colombiana trae su <em>Niche Disco Tour<\/em> el <strong>18 de abril<\/strong>. \u00a1Cali Pachanguero en tierras chilenas!<\/li>\n\n\n\n<li><strong>Charlie Zaa (Gran Arena Monticello):<\/strong> Cerrando mayo con broche de oro, el <strong>30 de mayo<\/strong>.<\/li>\n<\/ul>\n\n\n\n<h3 class=\"wp-block-heading\"><br>\u00bfD\u00f3nde se \u00abRUMBEA\u00bb en Santiago?<\/h3>\n\n\n\n<p>Si lo que buscas es el pulso de la calle hoy mismo, estas son las coordenadas fijas:<\/p>\n\n\n\n<ul class=\"wp-block-list\">\n<li><strong>Salsoteca Maestra Vida (Bellavista):<\/strong> El templo. No se puede hablar de salsa en Chile sin pasar por aqu\u00ed.<\/li>\n\n\n\n<li><strong>Club Orixas:<\/strong> Con sus noches de social de salsa y bachata casi toda la semana.<\/li>\n\n\n\n<li><strong>Salsoteca Tierra Dura:<\/strong> Espacios que mantienen viva la esencia del barrio y el sabor.<br><\/li>\n<\/ul>\n\n\n\n<p><a target=\"_blank\" rel=\"noreferrer noopener\" href=\"https:\/\/www.youtube.com\/watch?v=zOuo2V2PaAM\">Salsa en Chile: Pasi\u00f3n y Ritmo<\/a><\/p>\n\n\n\n<p>Este reportaje audiovisual de TVN de hace 8 a\u00f1os profundiza en parte c\u00f3mo la salsa se instal\u00f3 en el coraz\u00f3n de los chilenos, desde sus or\u00edgenes portuarios hasta las competencias actuales, siendo un recurso excelente para entender la identidad del movimiento.<br><\/p>\n\n\n\n<figure class=\"wp-block-embed is-type-video is-provider-youtube wp-block-embed-youtube wp-embed-aspect-16-9 wp-has-aspect-ratio\"><div class=\"wp-block-embed__wrapper\">\n<iframe loading=\"lazy\" title=\"Reportajes 24: Salsa, la pasi\u00f3n oculta de los chilenos | 24 Horas TVN Chile\" width=\"1140\" height=\"641\" src=\"https:\/\/www.youtube.com\/embed\/zOuo2V2PaAM?feature=oembed\" frameborder=\"0\" allow=\"accelerometer; autoplay; clipboard-write; encrypted-media; gyroscope; picture-in-picture; web-share\" referrerpolicy=\"strict-origin-when-cross-origin\" allowfullscreen><\/iframe>\n<\/div><\/figure>\n","protected":false},"excerpt":{"rendered":"<p>Salsa en Chile 2026: eventos, historia y auge del movimiento salsero. El movimiento ha pasado de los discos que tra\u00edan los marinos a Valpara\u00edso en los 70, a ser una industria con orquestas locales de exportaci\u00f3n como la Santiago All Stars, NegroSon Orquesta, La Orquesta de Manuel Ram\u00edrez y varias m\u00e1s con integrantes j\u00f3venes de [&hellip;]<\/p>\n","protected":false},"author":2,"featured_media":3259,"comment_status":"open","ping_status":"closed","sticky":false,"template":"","format":"standard","meta":{"footnotes":""},"categories":[10,72],"tags":[60,52],"class_list":["post-3258","post","type-post","status-publish","format-standard","has-post-thumbnail","hentry","category-noticias","category-salsa-en-chile","tag-conciertos","tag-salsa"],"featured_image_src":{"landsacpe":["https:\/\/radio.descargalatina.cl\/latina\/wp-content\/uploads\/2026\/03\/Salsa-en-Chile-Hoy-1140x445.png",1140,445,true],"list":["https:\/\/radio.descargalatina.cl\/latina\/wp-content\/uploads\/2026\/03\/Salsa-en-Chile-Hoy-463x348.png",463,348,true],"medium":["https:\/\/radio.descargalatina.cl\/latina\/wp-content\/uploads\/2026\/03\/Salsa-en-Chile-Hoy-300x134.png",300,134,true],"full":["https:\/\/radio.descargalatina.cl\/latina\/wp-content\/uploads\/2026\/03\/Salsa-en-Chile-Hoy-scaled.png",2560,1147,false]},"yoast_head":"<!-- This site is optimized with the Yoast SEO plugin v27.1.1 - https:\/\/yoast.com\/product\/yoast-seo-wordpress\/ -->\n<title>Salsa en Chile 2026 - Descargalatina.cl<\/title>\n<meta name=\"description\" content=\"Descubre la evoluci\u00f3n de la salsa en Chile y los eventos imperdibles 2026: Chile Latin Fest, Jerry Rivera, Grupo Niche y m\u00e1s. \u00a1Revisa la agenda!\" \/>\n<meta name=\"robots\" content=\"index, follow, max-snippet:-1, max-image-preview:large, max-video-preview:-1\" \/>\n<link rel=\"canonical\" href=\"https:\/\/radio.descargalatina.cl\/latina\/salsa-en-chile-2026-eventos-agenda\/\" \/>\n<meta property=\"og:locale\" content=\"es_ES\" \/>\n<meta property=\"og:type\" content=\"article\" \/>\n<meta property=\"og:title\" content=\"Salsa en Chile 2026 - Descargalatina.cl\" \/>\n<meta property=\"og:description\" content=\"Descubre la evoluci\u00f3n de la salsa en Chile y los eventos imperdibles 2026: Chile Latin Fest, Jerry Rivera, Grupo Niche y m\u00e1s. \u00a1Revisa la agenda!\" \/>\n<meta property=\"og:url\" content=\"https:\/\/radio.descargalatina.cl\/latina\/salsa-en-chile-2026-eventos-agenda\/\" \/>\n<meta property=\"og:site_name\" content=\"Descargalatina.cl\" \/>\n<meta property=\"article:published_time\" content=\"2026-03-17T00:57:29+00:00\" \/>\n<meta property=\"article:modified_time\" content=\"2026-03-17T01:08:32+00:00\" \/>\n<meta property=\"og:image\" content=\"https:\/\/radio.descargalatina.cl\/latina\/wp-content\/uploads\/2026\/03\/Salsa-en-Chile-Hoy-1024x459.png\" \/>\n\t<meta property=\"og:image:width\" content=\"1024\" \/>\n\t<meta property=\"og:image:height\" content=\"459\" \/>\n\t<meta property=\"og:image:type\" content=\"image\/png\" \/>\n<meta name=\"author\" content=\"Prensa Descargalatina\" \/>\n<meta name=\"twitter:card\" content=\"summary_large_image\" \/>\n<meta name=\"twitter:label1\" content=\"Escrito por\" \/>\n\t<meta name=\"twitter:data1\" content=\"Prensa Descargalatina\" \/>\n\t<meta name=\"twitter:label2\" content=\"Tiempo de lectura\" \/>\n\t<meta name=\"twitter:data2\" content=\"2 minutos\" \/>\n<script type=\"application\/ld+json\" class=\"yoast-schema-graph\">{\"@context\":\"https:\/\/schema.org\",\"@graph\":[{\"@type\":\"Article\",\"@id\":\"https:\/\/radio.descargalatina.cl\/latina\/salsa-en-chile-2026-eventos-agenda\/#article\",\"isPartOf\":{\"@id\":\"https:\/\/radio.descargalatina.cl\/latina\/salsa-en-chile-2026-eventos-agenda\/\"},\"author\":{\"name\":\"Prensa Descargalatina\",\"@id\":\"https:\/\/radio.descargalatina.cl\/latina\/#\/schema\/person\/627f0e7927ab7234a890f235c524d2db\"},\"headline\":\"Salsa en Chile 2026\",\"datePublished\":\"2026-03-17T00:57:29+00:00\",\"dateModified\":\"2026-03-17T01:08:32+00:00\",\"mainEntityOfPage\":{\"@id\":\"https:\/\/radio.descargalatina.cl\/latina\/salsa-en-chile-2026-eventos-agenda\/\"},\"wordCount\":360,\"commentCount\":0,\"publisher\":{\"@id\":\"https:\/\/radio.descargalatina.cl\/latina\/#\/schema\/person\/556e3fed329a665452898b34c88bfe06\"},\"image\":{\"@id\":\"https:\/\/radio.descargalatina.cl\/latina\/salsa-en-chile-2026-eventos-agenda\/#primaryimage\"},\"thumbnailUrl\":\"https:\/\/radio.descargalatina.cl\/latina\/wp-content\/uploads\/2026\/03\/Salsa-en-Chile-Hoy-scaled.png\",\"keywords\":[\"conciertos\",\"salsa\"],\"articleSection\":[\"Noticias\",\"Salsa en Chile\"],\"inLanguage\":\"es\",\"potentialAction\":[{\"@type\":\"CommentAction\",\"name\":\"Comment\",\"target\":[\"https:\/\/radio.descargalatina.cl\/latina\/salsa-en-chile-2026-eventos-agenda\/#respond\"]}]},{\"@type\":\"WebPage\",\"@id\":\"https:\/\/radio.descargalatina.cl\/latina\/salsa-en-chile-2026-eventos-agenda\/\",\"url\":\"https:\/\/radio.descargalatina.cl\/latina\/salsa-en-chile-2026-eventos-agenda\/\",\"name\":\"Salsa en Chile 2026 - Descargalatina.cl\",\"isPartOf\":{\"@id\":\"https:\/\/radio.descargalatina.cl\/latina\/#website\"},\"primaryImageOfPage\":{\"@id\":\"https:\/\/radio.descargalatina.cl\/latina\/salsa-en-chile-2026-eventos-agenda\/#primaryimage\"},\"image\":{\"@id\":\"https:\/\/radio.descargalatina.cl\/latina\/salsa-en-chile-2026-eventos-agenda\/#primaryimage\"},\"thumbnailUrl\":\"https:\/\/radio.descargalatina.cl\/latina\/wp-content\/uploads\/2026\/03\/Salsa-en-Chile-Hoy-scaled.png\",\"datePublished\":\"2026-03-17T00:57:29+00:00\",\"dateModified\":\"2026-03-17T01:08:32+00:00\",\"description\":\"Descubre la evoluci\u00f3n de la salsa en Chile y los eventos imperdibles 2026: Chile Latin Fest, Jerry Rivera, Grupo Niche y m\u00e1s. \u00a1Revisa la agenda!\",\"breadcrumb\":{\"@id\":\"https:\/\/radio.descargalatina.cl\/latina\/salsa-en-chile-2026-eventos-agenda\/#breadcrumb\"},\"inLanguage\":\"es\",\"potentialAction\":[{\"@type\":\"ReadAction\",\"target\":[\"https:\/\/radio.descargalatina.cl\/latina\/salsa-en-chile-2026-eventos-agenda\/\"]}]},{\"@type\":\"ImageObject\",\"inLanguage\":\"es\",\"@id\":\"https:\/\/radio.descargalatina.cl\/latina\/salsa-en-chile-2026-eventos-agenda\/#primaryimage\",\"url\":\"https:\/\/radio.descargalatina.cl\/latina\/wp-content\/uploads\/2026\/03\/Salsa-en-Chile-Hoy-scaled.png\",\"contentUrl\":\"https:\/\/radio.descargalatina.cl\/latina\/wp-content\/uploads\/2026\/03\/Salsa-en-Chile-Hoy-scaled.png\",\"width\":2560,\"height\":1147},{\"@type\":\"BreadcrumbList\",\"@id\":\"https:\/\/radio.descargalatina.cl\/latina\/salsa-en-chile-2026-eventos-agenda\/#breadcrumb\",\"itemListElement\":[{\"@type\":\"ListItem\",\"position\":1,\"name\":\"Portada\",\"item\":\"https:\/\/radio.descargalatina.cl\/latina\/\"},{\"@type\":\"ListItem\",\"position\":2,\"name\":\"Salsa en Chile 2026\"}]},{\"@type\":\"WebSite\",\"@id\":\"https:\/\/radio.descargalatina.cl\/latina\/#website\",\"url\":\"https:\/\/radio.descargalatina.cl\/latina\/\",\"name\":\"Descargalatina.cl 2025\",\"description\":\"el portal radio de m\u00fasica latina en Chile.\",\"publisher\":{\"@id\":\"https:\/\/radio.descargalatina.cl\/latina\/#\/schema\/person\/556e3fed329a665452898b34c88bfe06\"},\"potentialAction\":[{\"@type\":\"SearchAction\",\"target\":{\"@type\":\"EntryPoint\",\"urlTemplate\":\"https:\/\/radio.descargalatina.cl\/latina\/?s={search_term_string}\"},\"query-input\":{\"@type\":\"PropertyValueSpecification\",\"valueRequired\":true,\"valueName\":\"search_term_string\"}}],\"inLanguage\":\"es\"},{\"@type\":[\"Person\",\"Organization\"],\"@id\":\"https:\/\/radio.descargalatina.cl\/latina\/#\/schema\/person\/556e3fed329a665452898b34c88bfe06\",\"name\":\"jonnmerino@gmail.com\",\"logo\":{\"@id\":\"https:\/\/radio.descargalatina.cl\/latina\/#\/schema\/person\/image\/\"},\"sameAs\":[\"https:\/\/radio.descargalatina.cl\/latina\"]},{\"@type\":\"Person\",\"@id\":\"https:\/\/radio.descargalatina.cl\/latina\/#\/schema\/person\/627f0e7927ab7234a890f235c524d2db\",\"name\":\"Prensa Descargalatina\",\"url\":\"https:\/\/radio.descargalatina.cl\/latina\/author\/contactocreaideas-cl\/\"}]}<\/script>\n<!-- \/ Yoast SEO plugin. -->","yoast_head_json":{"title":"Salsa en Chile 2026 - Descargalatina.cl","description":"Descubre la evoluci\u00f3n de la salsa en Chile y los eventos imperdibles 2026: Chile Latin Fest, Jerry Rivera, Grupo Niche y m\u00e1s. \u00a1Revisa la agenda!","robots":{"index":"index","follow":"follow","max-snippet":"max-snippet:-1","max-image-preview":"max-image-preview:large","max-video-preview":"max-video-preview:-1"},"canonical":"https:\/\/radio.descargalatina.cl\/latina\/salsa-en-chile-2026-eventos-agenda\/","og_locale":"es_ES","og_type":"article","og_title":"Salsa en Chile 2026 - Descargalatina.cl","og_description":"Descubre la evoluci\u00f3n de la salsa en Chile y los eventos imperdibles 2026: Chile Latin Fest, Jerry Rivera, Grupo Niche y m\u00e1s. \u00a1Revisa la agenda!","og_url":"https:\/\/radio.descargalatina.cl\/latina\/salsa-en-chile-2026-eventos-agenda\/","og_site_name":"Descargalatina.cl","article_published_time":"2026-03-17T00:57:29+00:00","article_modified_time":"2026-03-17T01:08:32+00:00","og_image":[{"width":1024,"height":459,"url":"https:\/\/radio.descargalatina.cl\/latina\/wp-content\/uploads\/2026\/03\/Salsa-en-Chile-Hoy-1024x459.png","type":"image\/png"}],"author":"Prensa Descargalatina","twitter_card":"summary_large_image","twitter_misc":{"Escrito por":"Prensa Descargalatina","Tiempo de lectura":"2 minutos"},"schema":{"@context":"https:\/\/schema.org","@graph":[{"@type":"Article","@id":"https:\/\/radio.descargalatina.cl\/latina\/salsa-en-chile-2026-eventos-agenda\/#article","isPartOf":{"@id":"https:\/\/radio.descargalatina.cl\/latina\/salsa-en-chile-2026-eventos-agenda\/"},"author":{"name":"Prensa Descargalatina","@id":"https:\/\/radio.descargalatina.cl\/latina\/#\/schema\/person\/627f0e7927ab7234a890f235c524d2db"},"headline":"Salsa en Chile 2026","datePublished":"2026-03-17T00:57:29+00:00","dateModified":"2026-03-17T01:08:32+00:00","mainEntityOfPage":{"@id":"https:\/\/radio.descargalatina.cl\/latina\/salsa-en-chile-2026-eventos-agenda\/"},"wordCount":360,"commentCount":0,"publisher":{"@id":"https:\/\/radio.descargalatina.cl\/latina\/#\/schema\/person\/556e3fed329a665452898b34c88bfe06"},"image":{"@id":"https:\/\/radio.descargalatina.cl\/latina\/salsa-en-chile-2026-eventos-agenda\/#primaryimage"},"thumbnailUrl":"https:\/\/radio.descargalatina.cl\/latina\/wp-content\/uploads\/2026\/03\/Salsa-en-Chile-Hoy-scaled.png","keywords":["conciertos","salsa"],"articleSection":["Noticias","Salsa en Chile"],"inLanguage":"es","potentialAction":[{"@type":"CommentAction","name":"Comment","target":["https:\/\/radio.descargalatina.cl\/latina\/salsa-en-chile-2026-eventos-agenda\/#respond"]}]},{"@type":"WebPage","@id":"https:\/\/radio.descargalatina.cl\/latina\/salsa-en-chile-2026-eventos-agenda\/","url":"https:\/\/radio.descargalatina.cl\/latina\/salsa-en-chile-2026-eventos-agenda\/","name":"Salsa en Chile 2026 - Descargalatina.cl","isPartOf":{"@id":"https:\/\/radio.descargalatina.cl\/latina\/#website"},"primaryImageOfPage":{"@id":"https:\/\/radio.descargalatina.cl\/latina\/salsa-en-chile-2026-eventos-agenda\/#primaryimage"},"image":{"@id":"https:\/\/radio.descargalatina.cl\/latina\/salsa-en-chile-2026-eventos-agenda\/#primaryimage"},"thumbnailUrl":"https:\/\/radio.descargalatina.cl\/latina\/wp-content\/uploads\/2026\/03\/Salsa-en-Chile-Hoy-scaled.png","datePublished":"2026-03-17T00:57:29+00:00","dateModified":"2026-03-17T01:08:32+00:00","description":"Descubre la evoluci\u00f3n de la salsa en Chile y los eventos imperdibles 2026: Chile Latin Fest, Jerry Rivera, Grupo Niche y m\u00e1s. \u00a1Revisa la agenda!","breadcrumb":{"@id":"https:\/\/radio.descargalatina.cl\/latina\/salsa-en-chile-2026-eventos-agenda\/#breadcrumb"},"inLanguage":"es","potentialAction":[{"@type":"ReadAction","target":["https:\/\/radio.descargalatina.cl\/latina\/salsa-en-chile-2026-eventos-agenda\/"]}]},{"@type":"ImageObject","inLanguage":"es","@id":"https:\/\/radio.descargalatina.cl\/latina\/salsa-en-chile-2026-eventos-agenda\/#primaryimage","url":"https:\/\/radio.descargalatina.cl\/latina\/wp-content\/uploads\/2026\/03\/Salsa-en-Chile-Hoy-scaled.png","contentUrl":"https:\/\/radio.descargalatina.cl\/latina\/wp-content\/uploads\/2026\/03\/Salsa-en-Chile-Hoy-scaled.png","width":2560,"height":1147},{"@type":"BreadcrumbList","@id":"https:\/\/radio.descargalatina.cl\/latina\/salsa-en-chile-2026-eventos-agenda\/#breadcrumb","itemListElement":[{"@type":"ListItem","position":1,"name":"Portada","item":"https:\/\/radio.descargalatina.cl\/latina\/"},{"@type":"ListItem","position":2,"name":"Salsa en Chile 2026"}]},{"@type":"WebSite","@id":"https:\/\/radio.descargalatina.cl\/latina\/#website","url":"https:\/\/radio.descargalatina.cl\/latina\/","name":"Descargalatina.cl 2025","description":"el portal radio de m\u00fasica latina en Chile.","publisher":{"@id":"https:\/\/radio.descargalatina.cl\/latina\/#\/schema\/person\/556e3fed329a665452898b34c88bfe06"},"potentialAction":[{"@type":"SearchAction","target":{"@type":"EntryPoint","urlTemplate":"https:\/\/radio.descargalatina.cl\/latina\/?s={search_term_string}"},"query-input":{"@type":"PropertyValueSpecification","valueRequired":true,"valueName":"search_term_string"}}],"inLanguage":"es"},{"@type":["Person","Organization"],"@id":"https:\/\/radio.descargalatina.cl\/latina\/#\/schema\/person\/556e3fed329a665452898b34c88bfe06","name":"jonnmerino@gmail.com","logo":{"@id":"https:\/\/radio.descargalatina.cl\/latina\/#\/schema\/person\/image\/"},"sameAs":["https:\/\/radio.descargalatina.cl\/latina"]},{"@type":"Person","@id":"https:\/\/radio.descargalatina.cl\/latina\/#\/schema\/person\/627f0e7927ab7234a890f235c524d2db","name":"Prensa Descargalatina","url":"https:\/\/radio.descargalatina.cl\/latina\/author\/contactocreaideas-cl\/"}]}},"_links":{"self":[{"href":"https:\/\/radio.descargalatina.cl\/latina\/wp-json\/wp\/v2\/posts\/3258","targetHints":{"allow":["GET"]}}],"collection":[{"href":"https:\/\/radio.descargalatina.cl\/latina\/wp-json\/wp\/v2\/posts"}],"about":[{"href":"https:\/\/radio.descargalatina.cl\/latina\/wp-json\/wp\/v2\/types\/post"}],"author":[{"embeddable":true,"href":"https:\/\/radio.descargalatina.cl\/latina\/wp-json\/wp\/v2\/users\/2"}],"replies":[{"embeddable":true,"href":"https:\/\/radio.descargalatina.cl\/latina\/wp-json\/wp\/v2\/comments?post=3258"}],"version-history":[{"count":2,"href":"https:\/\/radio.descargalatina.cl\/latina\/wp-json\/wp\/v2\/posts\/3258\/revisions"}],"predecessor-version":[{"id":3263,"href":"https:\/\/radio.descargalatina.cl\/latina\/wp-json\/wp\/v2\/posts\/3258\/revisions\/3263"}],"wp:featuredmedia":[{"embeddable":true,"href":"https:\/\/radio.descargalatina.cl\/latina\/wp-json\/wp\/v2\/media\/3259"}],"wp:attachment":[{"href":"https:\/\/radio.descargalatina.cl\/latina\/wp-json\/wp\/v2\/media?parent=3258"}],"wp:term":[{"taxonomy":"category","embeddable":true,"href":"https:\/\/radio.descargalatina.cl\/latina\/wp-json\/wp\/v2\/categories?post=3258"},{"taxonomy":"post_tag","embeddable":true,"href":"https:\/\/radio.descargalatina.cl\/latina\/wp-json\/wp\/v2\/tags?post=3258"}],"curies":[{"name":"wp","href":"https:\/\/api.w.org\/{rel}","templated":true}]}}