{"id":3264,"date":"2026-03-18T21:43:29","date_gmt":"2026-03-18T20:43:29","guid":{"rendered":"https:\/\/radio.descargalatina.cl\/latina\/?p=3264"},"modified":"2026-03-18T22:31:19","modified_gmt":"2026-03-18T21:31:19","slug":"el-tren-no-se-detiene-formell-y-los-van-van-regresan","status":"publish","type":"post","link":"https:\/\/radio.descargalatina.cl\/latina\/el-tren-no-se-detiene-formell-y-los-van-van-regresan\/","title":{"rendered":"EL TREN NO SE DETIENE: FORMELL Y LOS VAN VAN REGRESAN"},"content":{"rendered":"\n<p><\/p>\n\n\n\n<p><strong> <em>Una noche hist\u00f3rica en el Teatro Caupolic\u00e1n para celebrar a la leyenda viva de la timba cubana.<\/em><\/strong><\/p>\n\n\n\n<p><br><strong>Santiago.<\/strong> El pr\u00f3ximo <strong>jueves 9 de abril de 2026<\/strong>, la capital vivir\u00e1 una noche verdaderamente inolvidable con el esperado regreso de <strong>Formell y Los Van Van<\/strong>, una de las orquestas m\u00e1s influyentes, queridas y respetadas de la m\u00fasica afroantillana. El legendario <strong>\u00abTren de la M\u00fasica Cubana\u00bb<\/strong> se presentar\u00e1 en el m\u00edtico Teatro Caupolic\u00e1n, reencontr\u00e1ndose con el p\u00fablico chileno y latinos en un show que promete desborde de emoci\u00f3n, baile ininterrumpido y pura celebraci\u00f3n rumbera.<\/p>\n\n\n\n<p>Con m\u00e1s de 55 a\u00f1os de trayectoria impecable, Los Van Van no son solo una banda: son una instituci\u00f3n y un fen\u00f3meno cultural. Fundados en <strong>1969 <\/strong>por el inigualable y visionario <strong>Juan Formell<\/strong>, marcaron un antes y un despu\u00e9s en la m\u00fasica popular bailable. Crearon un sonido propio \u2014el <em>songo<\/em>\u2014 que fusion\u00f3 la tradici\u00f3n cubana con elementos del rock, el jazz y sonoridades contempor\u00e1neas, sentando las bases de lo que hoy el mundo entero venera como <strong>timba<\/strong>. Su cadencia ha atravesado generaciones, cruzado fronteras y desafiado modas, convirti\u00e9ndose en la banda sonora de innumerables historias en toda Am\u00e9rica Latina.<\/p>\n\n\n\n<p>A lo largo de su imponente carrera, <strong>Los Van Van<\/strong> han lanzado decenas de discos, conquistado los escenarios de los festivales m\u00e1s exigentes del planeta y acumulado premios internacionales, destacando su <strong>Grammy Latino a la Excelencia Musical<\/strong>. Sin embargo, m\u00e1s all\u00e1 de los galardones de la industria, su victoria m\u00e1s grande es el v\u00ednculo inquebrantable con su p\u00fablico: cl\u00e1sicos que se cantan a coro, ritmos que obligan al cuerpo a moverse y letras costumbristas que retratan con picard\u00eda y profundidad la vida cotidiana, el amor, la alegr\u00eda y la resistencia de nuestra gente.<\/p>\n\n\n\n<p>El regreso a Santiago tiene un sabor especial. Ser\u00e1 una oportunidad irrepetible para que los bailadores y mel\u00f3manos se reencuentren con la agrupaci\u00f3n que lleva el ADN musical del Caribe en sus venas, todo en un contexto festivo, de reencuentro social y cargado de adrenalina. La cita de este 9 de abril no es solo un recital: es una celebraci\u00f3n de la cultura, del poder de la m\u00fasica en vivo y de un legado que sigue latiendo con fuerza indomable sobre la tarima.<\/p>\n\n\n\n<p><br><\/p>\n\n\n\n<figure class=\"wp-block-embed is-type-video is-provider-youtube wp-block-embed-youtube wp-embed-aspect-16-9 wp-has-aspect-ratio\"><div class=\"wp-block-embed__wrapper\">\n<iframe loading=\"lazy\" title=\"LOS VAN VAN de CUBA en CHILE 2019\" width=\"1140\" height=\"641\" src=\"https:\/\/www.youtube.com\/embed\/ZtbfkAe3r20?feature=oembed\" frameborder=\"0\" allow=\"accelerometer; autoplay; clipboard-write; encrypted-media; gyroscope; picture-in-picture; web-share\" referrerpolicy=\"strict-origin-when-cross-origin\" allowfullscreen><\/iframe>\n<\/div><\/figure>\n\n\n\n<h3 class=\"wp-block-heading\">DATOS DEL EVENTO<\/h3>\n\n\n\n<ul class=\"wp-block-list\">\n<li><strong>Artista:<\/strong> Formell y Los Van Van<\/li>\n\n\n\n<li><strong>Fecha:<\/strong> Jueves 9 de abril de 2026<\/li>\n\n\n\n<li><strong>Lugar:<\/strong> Teatro Caupolic\u00e1n (Santiago, Chile)<\/li>\n\n\n\n<li><strong>Formato:<\/strong> Concierto + Social<\/li>\n\n\n\n<li><strong>Entradas:<\/strong> Disponibles a trav\u00e9s de <a href=\"https:\/\/www.puntoticket.com\/evento\/juan-formell-van-van-teatro-caupolican-abr-2026\" target=\"_blank\" rel=\"noreferrer noopener\">Puntoticket.com<\/a><\/li>\n\n\n\n<li><strong>Colaboran:<\/strong> <em>Mambo Madness, Salsoteca Maestra Vida, Candela Mec\u00e1nica y Descargalatina.cl<\/em><\/li>\n<\/ul>\n","protected":false},"excerpt":{"rendered":"<p>Una noche hist\u00f3rica en el Teatro Caupolic\u00e1n para celebrar a la leyenda viva de la timba cubana. Santiago. El pr\u00f3ximo jueves 9 de abril de 2026, la capital vivir\u00e1 una noche verdaderamente inolvidable con el esperado regreso de Formell y Los Van Van, una de las orquestas m\u00e1s influyentes, queridas y respetadas de la m\u00fasica [&hellip;]<\/p>\n","protected":false},"author":4,"featured_media":3270,"comment_status":"open","ping_status":"closed","sticky":false,"template":"","format":"standard","meta":{"footnotes":""},"categories":[3,6,72],"tags":[60,52,68],"class_list":["post-3264","post","type-post","status-publish","format-standard","has-post-thumbnail","hentry","category-eventos","category-internacionales","category-salsa-en-chile","tag-conciertos","tag-salsa","tag-salsa-internacional"],"featured_image_src":{"landsacpe":["https:\/\/radio.descargalatina.cl\/latina\/wp-content\/uploads\/2026\/03\/Van-Van-Chile-diseno-portada.jpg",1140,445,false],"list":["https:\/\/radio.descargalatina.cl\/latina\/wp-content\/uploads\/2026\/03\/Van-Van-Chile-diseno-portada-463x348.jpg",463,348,true],"medium":["https:\/\/radio.descargalatina.cl\/latina\/wp-content\/uploads\/2026\/03\/Van-Van-Chile-diseno-portada-300x117.jpg",300,117,true],"full":["https:\/\/radio.descargalatina.cl\/latina\/wp-content\/uploads\/2026\/03\/Van-Van-Chile-diseno-portada.jpg",1140,445,false]},"yoast_head":"<!-- This site is optimized with the Yoast SEO plugin v27.1.1 - https:\/\/yoast.com\/product\/yoast-seo-wordpress\/ -->\n<title>EL TREN NO SE DETIENE: FORMELL Y LOS VAN VAN REGRESAN - Descargalatina.cl<\/title>\n<meta name=\"description\" content=\"Noche hist\u00f3rica en el Teatro Caupolic\u00e1n: Los Van Van regresa a Santiago este 9 de abril de 2026 con su inconfundible ritmo y m\u00e1s de 55 a\u00f1os de historia. Un show imperdible cargado de timba, cl\u00e1sicos y energ\u00eda bailable.\" \/>\n<meta name=\"robots\" content=\"index, follow, max-snippet:-1, max-image-preview:large, max-video-preview:-1\" \/>\n<link rel=\"canonical\" href=\"https:\/\/radio.descargalatina.cl\/latina\/el-tren-no-se-detiene-formell-y-los-van-van-regresan\/\" \/>\n<meta property=\"og:locale\" content=\"es_ES\" \/>\n<meta property=\"og:type\" content=\"article\" \/>\n<meta property=\"og:title\" content=\"EL TREN NO SE DETIENE: FORMELL Y LOS VAN VAN REGRESAN - Descargalatina.cl\" \/>\n<meta property=\"og:description\" content=\"Noche hist\u00f3rica en el Teatro Caupolic\u00e1n: Los Van Van regresa a Santiago este 9 de abril de 2026 con su inconfundible ritmo y m\u00e1s de 55 a\u00f1os de historia. Un show imperdible cargado de timba, cl\u00e1sicos y energ\u00eda bailable.\" \/>\n<meta property=\"og:url\" content=\"https:\/\/radio.descargalatina.cl\/latina\/el-tren-no-se-detiene-formell-y-los-van-van-regresan\/\" \/>\n<meta property=\"og:site_name\" content=\"Descargalatina.cl\" \/>\n<meta property=\"article:published_time\" content=\"2026-03-18T20:43:29+00:00\" \/>\n<meta property=\"article:modified_time\" content=\"2026-03-18T21:31:19+00:00\" \/>\n<meta property=\"og:image\" content=\"https:\/\/radio.descargalatina.cl\/latina\/wp-content\/uploads\/2026\/03\/Van-Van-Chile-diseno-portada.jpg\" \/>\n\t<meta property=\"og:image:width\" content=\"1140\" \/>\n\t<meta property=\"og:image:height\" content=\"445\" \/>\n\t<meta property=\"og:image:type\" content=\"image\/jpeg\" \/>\n<meta name=\"author\" content=\"Sofia Prensa\" \/>\n<meta name=\"twitter:card\" content=\"summary_large_image\" \/>\n<meta name=\"twitter:label1\" content=\"Escrito por\" \/>\n\t<meta name=\"twitter:data1\" content=\"Sofia Prensa\" \/>\n\t<meta name=\"twitter:label2\" content=\"Tiempo de lectura\" \/>\n\t<meta name=\"twitter:data2\" content=\"3 minutos\" \/>\n<script type=\"application\/ld+json\" class=\"yoast-schema-graph\">{\"@context\":\"https:\/\/schema.org\",\"@graph\":[{\"@type\":\"Article\",\"@id\":\"https:\/\/radio.descargalatina.cl\/latina\/el-tren-no-se-detiene-formell-y-los-van-van-regresan\/#article\",\"isPartOf\":{\"@id\":\"https:\/\/radio.descargalatina.cl\/latina\/el-tren-no-se-detiene-formell-y-los-van-van-regresan\/\"},\"author\":{\"name\":\"Sofia Prensa\",\"@id\":\"https:\/\/radio.descargalatina.cl\/latina\/#\/schema\/person\/58de47cb9906e69fa2e59b9a6031e899\"},\"headline\":\"EL TREN NO SE DETIENE: FORMELL Y LOS VAN VAN REGRESAN\",\"datePublished\":\"2026-03-18T20:43:29+00:00\",\"dateModified\":\"2026-03-18T21:31:19+00:00\",\"mainEntityOfPage\":{\"@id\":\"https:\/\/radio.descargalatina.cl\/latina\/el-tren-no-se-detiene-formell-y-los-van-van-regresan\/\"},\"wordCount\":457,\"commentCount\":0,\"publisher\":{\"@id\":\"https:\/\/radio.descargalatina.cl\/latina\/#\/schema\/person\/556e3fed329a665452898b34c88bfe06\"},\"image\":{\"@id\":\"https:\/\/radio.descargalatina.cl\/latina\/el-tren-no-se-detiene-formell-y-los-van-van-regresan\/#primaryimage\"},\"thumbnailUrl\":\"https:\/\/radio.descargalatina.cl\/latina\/wp-content\/uploads\/2026\/03\/Van-Van-Chile-diseno-portada.jpg\",\"keywords\":[\"conciertos\",\"salsa\",\"salsa internacional\"],\"articleSection\":[\"Eventos\",\"Internacionales\",\"Salsa en Chile\"],\"inLanguage\":\"es\",\"potentialAction\":[{\"@type\":\"CommentAction\",\"name\":\"Comment\",\"target\":[\"https:\/\/radio.descargalatina.cl\/latina\/el-tren-no-se-detiene-formell-y-los-van-van-regresan\/#respond\"]}]},{\"@type\":\"WebPage\",\"@id\":\"https:\/\/radio.descargalatina.cl\/latina\/el-tren-no-se-detiene-formell-y-los-van-van-regresan\/\",\"url\":\"https:\/\/radio.descargalatina.cl\/latina\/el-tren-no-se-detiene-formell-y-los-van-van-regresan\/\",\"name\":\"EL TREN NO SE DETIENE: FORMELL Y LOS VAN VAN REGRESAN - Descargalatina.cl\",\"isPartOf\":{\"@id\":\"https:\/\/radio.descargalatina.cl\/latina\/#website\"},\"primaryImageOfPage\":{\"@id\":\"https:\/\/radio.descargalatina.cl\/latina\/el-tren-no-se-detiene-formell-y-los-van-van-regresan\/#primaryimage\"},\"image\":{\"@id\":\"https:\/\/radio.descargalatina.cl\/latina\/el-tren-no-se-detiene-formell-y-los-van-van-regresan\/#primaryimage\"},\"thumbnailUrl\":\"https:\/\/radio.descargalatina.cl\/latina\/wp-content\/uploads\/2026\/03\/Van-Van-Chile-diseno-portada.jpg\",\"datePublished\":\"2026-03-18T20:43:29+00:00\",\"dateModified\":\"2026-03-18T21:31:19+00:00\",\"description\":\"Noche hist\u00f3rica en el Teatro Caupolic\u00e1n: Los Van Van regresa a Santiago este 9 de abril de 2026 con su inconfundible ritmo y m\u00e1s de 55 a\u00f1os de historia. Un show imperdible cargado de timba, cl\u00e1sicos y energ\u00eda bailable.\",\"breadcrumb\":{\"@id\":\"https:\/\/radio.descargalatina.cl\/latina\/el-tren-no-se-detiene-formell-y-los-van-van-regresan\/#breadcrumb\"},\"inLanguage\":\"es\",\"potentialAction\":[{\"@type\":\"ReadAction\",\"target\":[\"https:\/\/radio.descargalatina.cl\/latina\/el-tren-no-se-detiene-formell-y-los-van-van-regresan\/\"]}]},{\"@type\":\"ImageObject\",\"inLanguage\":\"es\",\"@id\":\"https:\/\/radio.descargalatina.cl\/latina\/el-tren-no-se-detiene-formell-y-los-van-van-regresan\/#primaryimage\",\"url\":\"https:\/\/radio.descargalatina.cl\/latina\/wp-content\/uploads\/2026\/03\/Van-Van-Chile-diseno-portada.jpg\",\"contentUrl\":\"https:\/\/radio.descargalatina.cl\/latina\/wp-content\/uploads\/2026\/03\/Van-Van-Chile-diseno-portada.jpg\",\"width\":1140,\"height\":445},{\"@type\":\"BreadcrumbList\",\"@id\":\"https:\/\/radio.descargalatina.cl\/latina\/el-tren-no-se-detiene-formell-y-los-van-van-regresan\/#breadcrumb\",\"itemListElement\":[{\"@type\":\"ListItem\",\"position\":1,\"name\":\"Portada\",\"item\":\"https:\/\/radio.descargalatina.cl\/latina\/\"},{\"@type\":\"ListItem\",\"position\":2,\"name\":\"EL TREN NO SE DETIENE: FORMELL Y LOS VAN VAN REGRESAN\"}]},{\"@type\":\"WebSite\",\"@id\":\"https:\/\/radio.descargalatina.cl\/latina\/#website\",\"url\":\"https:\/\/radio.descargalatina.cl\/latina\/\",\"name\":\"Descargalatina.cl 2025\",\"description\":\"el portal radio de m\u00fasica latina en Chile.\",\"publisher\":{\"@id\":\"https:\/\/radio.descargalatina.cl\/latina\/#\/schema\/person\/556e3fed329a665452898b34c88bfe06\"},\"potentialAction\":[{\"@type\":\"SearchAction\",\"target\":{\"@type\":\"EntryPoint\",\"urlTemplate\":\"https:\/\/radio.descargalatina.cl\/latina\/?s={search_term_string}\"},\"query-input\":{\"@type\":\"PropertyValueSpecification\",\"valueRequired\":true,\"valueName\":\"search_term_string\"}}],\"inLanguage\":\"es\"},{\"@type\":[\"Person\",\"Organization\"],\"@id\":\"https:\/\/radio.descargalatina.cl\/latina\/#\/schema\/person\/556e3fed329a665452898b34c88bfe06\",\"name\":\"jonnmerino@gmail.com\",\"logo\":{\"@id\":\"https:\/\/radio.descargalatina.cl\/latina\/#\/schema\/person\/image\/\"},\"sameAs\":[\"https:\/\/radio.descargalatina.cl\/latina\"]},{\"@type\":\"Person\",\"@id\":\"https:\/\/radio.descargalatina.cl\/latina\/#\/schema\/person\/58de47cb9906e69fa2e59b9a6031e899\",\"name\":\"Sofia Prensa\",\"sameAs\":[\"http:\/\/#\"],\"url\":\"https:\/\/radio.descargalatina.cl\/latina\/author\/sofia\/\"}]}<\/script>\n<!-- \/ Yoast SEO plugin. -->","yoast_head_json":{"title":"EL TREN NO SE DETIENE: FORMELL Y LOS VAN VAN REGRESAN - Descargalatina.cl","description":"Noche hist\u00f3rica en el Teatro Caupolic\u00e1n: Los Van Van regresa a Santiago este 9 de abril de 2026 con su inconfundible ritmo y m\u00e1s de 55 a\u00f1os de historia. Un show imperdible cargado de timba, cl\u00e1sicos y energ\u00eda bailable.","robots":{"index":"index","follow":"follow","max-snippet":"max-snippet:-1","max-image-preview":"max-image-preview:large","max-video-preview":"max-video-preview:-1"},"canonical":"https:\/\/radio.descargalatina.cl\/latina\/el-tren-no-se-detiene-formell-y-los-van-van-regresan\/","og_locale":"es_ES","og_type":"article","og_title":"EL TREN NO SE DETIENE: FORMELL Y LOS VAN VAN REGRESAN - Descargalatina.cl","og_description":"Noche hist\u00f3rica en el Teatro Caupolic\u00e1n: Los Van Van regresa a Santiago este 9 de abril de 2026 con su inconfundible ritmo y m\u00e1s de 55 a\u00f1os de historia. Un show imperdible cargado de timba, cl\u00e1sicos y energ\u00eda bailable.","og_url":"https:\/\/radio.descargalatina.cl\/latina\/el-tren-no-se-detiene-formell-y-los-van-van-regresan\/","og_site_name":"Descargalatina.cl","article_published_time":"2026-03-18T20:43:29+00:00","article_modified_time":"2026-03-18T21:31:19+00:00","og_image":[{"width":1140,"height":445,"url":"https:\/\/radio.descargalatina.cl\/latina\/wp-content\/uploads\/2026\/03\/Van-Van-Chile-diseno-portada.jpg","type":"image\/jpeg"}],"author":"Sofia Prensa","twitter_card":"summary_large_image","twitter_misc":{"Escrito por":"Sofia Prensa","Tiempo de lectura":"3 minutos"},"schema":{"@context":"https:\/\/schema.org","@graph":[{"@type":"Article","@id":"https:\/\/radio.descargalatina.cl\/latina\/el-tren-no-se-detiene-formell-y-los-van-van-regresan\/#article","isPartOf":{"@id":"https:\/\/radio.descargalatina.cl\/latina\/el-tren-no-se-detiene-formell-y-los-van-van-regresan\/"},"author":{"name":"Sofia Prensa","@id":"https:\/\/radio.descargalatina.cl\/latina\/#\/schema\/person\/58de47cb9906e69fa2e59b9a6031e899"},"headline":"EL TREN NO SE DETIENE: FORMELL Y LOS VAN VAN REGRESAN","datePublished":"2026-03-18T20:43:29+00:00","dateModified":"2026-03-18T21:31:19+00:00","mainEntityOfPage":{"@id":"https:\/\/radio.descargalatina.cl\/latina\/el-tren-no-se-detiene-formell-y-los-van-van-regresan\/"},"wordCount":457,"commentCount":0,"publisher":{"@id":"https:\/\/radio.descargalatina.cl\/latina\/#\/schema\/person\/556e3fed329a665452898b34c88bfe06"},"image":{"@id":"https:\/\/radio.descargalatina.cl\/latina\/el-tren-no-se-detiene-formell-y-los-van-van-regresan\/#primaryimage"},"thumbnailUrl":"https:\/\/radio.descargalatina.cl\/latina\/wp-content\/uploads\/2026\/03\/Van-Van-Chile-diseno-portada.jpg","keywords":["conciertos","salsa","salsa internacional"],"articleSection":["Eventos","Internacionales","Salsa en Chile"],"inLanguage":"es","potentialAction":[{"@type":"CommentAction","name":"Comment","target":["https:\/\/radio.descargalatina.cl\/latina\/el-tren-no-se-detiene-formell-y-los-van-van-regresan\/#respond"]}]},{"@type":"WebPage","@id":"https:\/\/radio.descargalatina.cl\/latina\/el-tren-no-se-detiene-formell-y-los-van-van-regresan\/","url":"https:\/\/radio.descargalatina.cl\/latina\/el-tren-no-se-detiene-formell-y-los-van-van-regresan\/","name":"EL TREN NO SE DETIENE: FORMELL Y LOS VAN VAN REGRESAN - Descargalatina.cl","isPartOf":{"@id":"https:\/\/radio.descargalatina.cl\/latina\/#website"},"primaryImageOfPage":{"@id":"https:\/\/radio.descargalatina.cl\/latina\/el-tren-no-se-detiene-formell-y-los-van-van-regresan\/#primaryimage"},"image":{"@id":"https:\/\/radio.descargalatina.cl\/latina\/el-tren-no-se-detiene-formell-y-los-van-van-regresan\/#primaryimage"},"thumbnailUrl":"https:\/\/radio.descargalatina.cl\/latina\/wp-content\/uploads\/2026\/03\/Van-Van-Chile-diseno-portada.jpg","datePublished":"2026-03-18T20:43:29+00:00","dateModified":"2026-03-18T21:31:19+00:00","description":"Noche hist\u00f3rica en el Teatro Caupolic\u00e1n: Los Van Van regresa a Santiago este 9 de abril de 2026 con su inconfundible ritmo y m\u00e1s de 55 a\u00f1os de historia. Un show imperdible cargado de timba, cl\u00e1sicos y energ\u00eda bailable.","breadcrumb":{"@id":"https:\/\/radio.descargalatina.cl\/latina\/el-tren-no-se-detiene-formell-y-los-van-van-regresan\/#breadcrumb"},"inLanguage":"es","potentialAction":[{"@type":"ReadAction","target":["https:\/\/radio.descargalatina.cl\/latina\/el-tren-no-se-detiene-formell-y-los-van-van-regresan\/"]}]},{"@type":"ImageObject","inLanguage":"es","@id":"https:\/\/radio.descargalatina.cl\/latina\/el-tren-no-se-detiene-formell-y-los-van-van-regresan\/#primaryimage","url":"https:\/\/radio.descargalatina.cl\/latina\/wp-content\/uploads\/2026\/03\/Van-Van-Chile-diseno-portada.jpg","contentUrl":"https:\/\/radio.descargalatina.cl\/latina\/wp-content\/uploads\/2026\/03\/Van-Van-Chile-diseno-portada.jpg","width":1140,"height":445},{"@type":"BreadcrumbList","@id":"https:\/\/radio.descargalatina.cl\/latina\/el-tren-no-se-detiene-formell-y-los-van-van-regresan\/#breadcrumb","itemListElement":[{"@type":"ListItem","position":1,"name":"Portada","item":"https:\/\/radio.descargalatina.cl\/latina\/"},{"@type":"ListItem","position":2,"name":"EL TREN NO SE DETIENE: FORMELL Y LOS VAN VAN REGRESAN"}]},{"@type":"WebSite","@id":"https:\/\/radio.descargalatina.cl\/latina\/#website","url":"https:\/\/radio.descargalatina.cl\/latina\/","name":"Descargalatina.cl 2025","description":"el portal radio de m\u00fasica latina en Chile.","publisher":{"@id":"https:\/\/radio.descargalatina.cl\/latina\/#\/schema\/person\/556e3fed329a665452898b34c88bfe06"},"potentialAction":[{"@type":"SearchAction","target":{"@type":"EntryPoint","urlTemplate":"https:\/\/radio.descargalatina.cl\/latina\/?s={search_term_string}"},"query-input":{"@type":"PropertyValueSpecification","valueRequired":true,"valueName":"search_term_string"}}],"inLanguage":"es"},{"@type":["Person","Organization"],"@id":"https:\/\/radio.descargalatina.cl\/latina\/#\/schema\/person\/556e3fed329a665452898b34c88bfe06","name":"jonnmerino@gmail.com","logo":{"@id":"https:\/\/radio.descargalatina.cl\/latina\/#\/schema\/person\/image\/"},"sameAs":["https:\/\/radio.descargalatina.cl\/latina"]},{"@type":"Person","@id":"https:\/\/radio.descargalatina.cl\/latina\/#\/schema\/person\/58de47cb9906e69fa2e59b9a6031e899","name":"Sofia Prensa","sameAs":["http:\/\/#"],"url":"https:\/\/radio.descargalatina.cl\/latina\/author\/sofia\/"}]}},"_links":{"self":[{"href":"https:\/\/radio.descargalatina.cl\/latina\/wp-json\/wp\/v2\/posts\/3264","targetHints":{"allow":["GET"]}}],"collection":[{"href":"https:\/\/radio.descargalatina.cl\/latina\/wp-json\/wp\/v2\/posts"}],"about":[{"href":"https:\/\/radio.descargalatina.cl\/latina\/wp-json\/wp\/v2\/types\/post"}],"author":[{"embeddable":true,"href":"https:\/\/radio.descargalatina.cl\/latina\/wp-json\/wp\/v2\/users\/4"}],"replies":[{"embeddable":true,"href":"https:\/\/radio.descargalatina.cl\/latina\/wp-json\/wp\/v2\/comments?post=3264"}],"version-history":[{"count":2,"href":"https:\/\/radio.descargalatina.cl\/latina\/wp-json\/wp\/v2\/posts\/3264\/revisions"}],"predecessor-version":[{"id":3268,"href":"https:\/\/radio.descargalatina.cl\/latina\/wp-json\/wp\/v2\/posts\/3264\/revisions\/3268"}],"wp:featuredmedia":[{"embeddable":true,"href":"https:\/\/radio.descargalatina.cl\/latina\/wp-json\/wp\/v2\/media\/3270"}],"wp:attachment":[{"href":"https:\/\/radio.descargalatina.cl\/latina\/wp-json\/wp\/v2\/media?parent=3264"}],"wp:term":[{"taxonomy":"category","embeddable":true,"href":"https:\/\/radio.descargalatina.cl\/latina\/wp-json\/wp\/v2\/categories?post=3264"},{"taxonomy":"post_tag","embeddable":true,"href":"https:\/\/radio.descargalatina.cl\/latina\/wp-json\/wp\/v2\/tags?post=3264"}],"curies":[{"name":"wp","href":"https:\/\/api.w.org\/{rel}","templated":true}]}}