{"id":3279,"date":"2026-04-22T06:25:55","date_gmt":"2026-04-22T04:25:55","guid":{"rendered":"https:\/\/radio.descargalatina.cl\/latina\/?p=3279"},"modified":"2026-04-22T06:40:33","modified_gmt":"2026-04-22T04:40:33","slug":"seidy-la-nina-reparto-cubano","status":"publish","type":"post","link":"https:\/\/radio.descargalatina.cl\/latina\/seidy-la-nina-reparto-cubano\/","title":{"rendered":"Seidy \u00abLa Ni\u00f1a\u00bb Repartera."},"content":{"rendered":"\n<p><\/p>\n\n\n\n<p>Seidy \u00abLa Ni\u00f1a\u00bb: La Cubana que Baila, Canta y Rompe los C\u00f3digos del Reparto<\/p>\n\n\n\n<p><\/p>\n\n\n\n<p>El panorama de la m\u00fasica urbana latina tiene una nueva figura que no pide permiso, simplemente arrolla: <strong>Seidy Carrera<\/strong>, conocida mundialmente como <strong>Seidy la Ni\u00f1a<\/strong>. Nacida en el Cotorro, La Habana, y criada en Miami, esta artista polifac\u00e9tica ha logrado algo que pocos consiguen: fusionar el respeto por sus ra\u00edces afrocubanas con el sonido m\u00e1s crudo y actual de la calle, el Reparto.<\/p>\n\n\n\n<p>De la Danza al Micr\u00f3fono: Una Historia de Superaci\u00f3n La historia de Seidy no es solo m\u00fasica; es resiliencia pura. Inici\u00f3 su carrera como bailarina profesional (formada en ProDanza en Cuba), lo que explica la espectacularidad de sus movimientos en escena. Sin embargo, en 2014, justo cuando lanzaba su primer sencillo, un grav\u00edsimo accidente automovil\u00edstico la dej\u00f3 en coma durante un mes. <strong>\u00abEstuve ocho meses sin poder caminar ni hablar\u00bb<\/strong>, recuerda. Esa experiencia marc\u00f3 su ADN art\u00edstico. Hoy, su voz no solo canta, sino que proclama empoderamiento. El Sonido <strong>\u00abRepartero\u00bb <\/strong>de Seidy Aunque ha incursionado en varios g\u00e9neros, es en el Reparto Cubano donde Seidy ha encontrado su trono. Este ritmo, nacido en los barrios de La Habana, mezcla el reggaet\u00f3n con elementos de la timba cubana y clavas de rumba, creando un beat agresivo, bailable y callejero. <strong>Seidy la Ni\u00f1a<\/strong> aporta a este g\u00e9nero una perspectiva femenina \u00fanica, llena de sensualidad e irreverencia. \u00c9xitos como <strong>\u00abMulatica\u00bb<\/strong>, <strong>\u00abPonle Cabeza\u00bb<\/strong> y sus m\u00e1s recientes lanzamientos como <strong>\u00abRepa Queen\u00bb<\/strong> y <strong>\u00abNegro\u00bb<\/strong>, demuestran su capacidad para dominar las listas y las pistas de baile. Ella define el Reparto como <strong>\u00abuna mezcla de timba cubana con elementos urbanos, una fusi\u00f3n r\u00edtmicamente peligrosa\u00bb.<\/strong> \u00bfPor qu\u00e9 debes seguirla? Seidy la Ni\u00f1a es mucho m\u00e1s que una cantante de moda. Es una artista integral que respeta el legado de grandes como Celia Cruz (a quien interpret\u00f3 en un musical) pero que no tiene miedo de usar el lenguaje de la calle para conectar con una nueva generaci\u00f3n. Su energ\u00eda es contagiosa y su historia es la prueba de que el talento, cuando se une a la fuerza de voluntad, es imparable.<\/p>\n\n\n\n<ol class=\"wp-block-list\"><\/ol>\n\n\n\n<p><\/p>\n\n\n\n<figure class=\"wp-block-embed is-type-video is-provider-youtube wp-block-embed-youtube wp-embed-aspect-16-9 wp-has-aspect-ratio\"><div class=\"wp-block-embed__wrapper\">\n<iframe loading=\"lazy\" title=\"Seidy La Ni\u00f1a - Negro\" width=\"1140\" height=\"641\" src=\"https:\/\/www.youtube.com\/embed\/TvxSh9Tu_H8?feature=oembed\" frameborder=\"0\" allow=\"accelerometer; autoplay; clipboard-write; encrypted-media; gyroscope; picture-in-picture; web-share\" referrerpolicy=\"strict-origin-when-cross-origin\" allowfullscreen><\/iframe>\n<\/div><\/figure>\n\n\n\n<p><\/p>\n","protected":false},"excerpt":{"rendered":"<p>Seidy \u00abLa Ni\u00f1a\u00bb: La Cubana que Baila, Canta y Rompe los C\u00f3digos del Reparto El panorama de la m\u00fasica urbana latina tiene una nueva figura que no pide permiso, simplemente arrolla: Seidy Carrera, conocida mundialmente como Seidy la Ni\u00f1a. Nacida en el Cotorro, La Habana, y criada en Miami, esta artista polifac\u00e9tica ha logrado algo [&hellip;]<\/p>\n","protected":false},"author":2,"featured_media":3281,"comment_status":"open","ping_status":"closed","sticky":false,"template":"","format":"standard","meta":{"footnotes":""},"categories":[3,6],"tags":[141,143,140,142,139,138],"class_list":["post-3279","post","type-post","status-publish","format-standard","has-post-thumbnail","hentry","category-eventos","category-internacionales","tag-cubaenlacasa","tag-flow-cubano","tag-musicaurbana","tag-repaqueen","tag-repartocubano","tag-seidy-la-nina"],"featured_image_src":{"landsacpe":["https:\/\/radio.descargalatina.cl\/latina\/wp-content\/uploads\/2026\/04\/SEIDY-LA-NINA-1140x445.jpg",1140,445,true],"list":["https:\/\/radio.descargalatina.cl\/latina\/wp-content\/uploads\/2026\/04\/SEIDY-LA-NINA-463x348.jpg",463,348,true],"medium":["https:\/\/radio.descargalatina.cl\/latina\/wp-content\/uploads\/2026\/04\/SEIDY-LA-NINA-300x126.jpg",300,126,true],"full":["https:\/\/radio.descargalatina.cl\/latina\/wp-content\/uploads\/2026\/04\/SEIDY-LA-NINA.jpg",1280,538,false]},"yoast_head":"<!-- This site is optimized with the Yoast SEO plugin v27.1.1 - https:\/\/yoast.com\/product\/yoast-seo-wordpress\/ -->\n<title>Seidy &quot;La Ni\u00f1a&quot; Repartera. - Descargalatina.cl<\/title>\n<meta name=\"description\" content=\"Descubre a Seidy la Ni\u00f1a, la artista cubana que lidera el reparto con fuerza, sensualidad y una historia de superaci\u00f3n que inspira.\" \/>\n<meta name=\"robots\" content=\"index, follow, max-snippet:-1, max-image-preview:large, max-video-preview:-1\" \/>\n<link rel=\"canonical\" href=\"https:\/\/radio.descargalatina.cl\/latina\/seidy-la-nina-reparto-cubano\/\" \/>\n<meta property=\"og:locale\" content=\"es_ES\" \/>\n<meta property=\"og:type\" content=\"article\" \/>\n<meta property=\"og:title\" content=\"Seidy &quot;La Ni\u00f1a&quot; Repartera. - Descargalatina.cl\" \/>\n<meta property=\"og:description\" content=\"Descubre a Seidy la Ni\u00f1a, la artista cubana que lidera el reparto con fuerza, sensualidad y una historia de superaci\u00f3n que inspira.\" \/>\n<meta property=\"og:url\" content=\"https:\/\/radio.descargalatina.cl\/latina\/seidy-la-nina-reparto-cubano\/\" \/>\n<meta property=\"og:site_name\" content=\"Descargalatina.cl\" \/>\n<meta property=\"article:published_time\" content=\"2026-04-22T04:25:55+00:00\" \/>\n<meta property=\"article:modified_time\" content=\"2026-04-22T04:40:33+00:00\" \/>\n<meta property=\"og:image\" content=\"https:\/\/radio.descargalatina.cl\/latina\/wp-content\/uploads\/2026\/04\/SEIDY-LA-NINA.jpg\" \/>\n\t<meta property=\"og:image:width\" content=\"1280\" \/>\n\t<meta property=\"og:image:height\" content=\"538\" \/>\n\t<meta property=\"og:image:type\" content=\"image\/jpeg\" \/>\n<meta name=\"author\" content=\"Prensa Descargalatina\" \/>\n<meta name=\"twitter:card\" content=\"summary_large_image\" \/>\n<meta name=\"twitter:label1\" content=\"Escrito por\" \/>\n\t<meta name=\"twitter:data1\" content=\"Prensa Descargalatina\" \/>\n\t<meta name=\"twitter:label2\" content=\"Tiempo de lectura\" \/>\n\t<meta name=\"twitter:data2\" content=\"2 minutos\" \/>\n<script type=\"application\/ld+json\" class=\"yoast-schema-graph\">{\"@context\":\"https:\/\/schema.org\",\"@graph\":[{\"@type\":\"Article\",\"@id\":\"https:\/\/radio.descargalatina.cl\/latina\/seidy-la-nina-reparto-cubano\/#article\",\"isPartOf\":{\"@id\":\"https:\/\/radio.descargalatina.cl\/latina\/seidy-la-nina-reparto-cubano\/\"},\"author\":{\"name\":\"Prensa Descargalatina\",\"@id\":\"https:\/\/radio.descargalatina.cl\/latina\/#\/schema\/person\/627f0e7927ab7234a890f235c524d2db\"},\"headline\":\"Seidy \u00abLa Ni\u00f1a\u00bb Repartera.\",\"datePublished\":\"2026-04-22T04:25:55+00:00\",\"dateModified\":\"2026-04-22T04:40:33+00:00\",\"mainEntityOfPage\":{\"@id\":\"https:\/\/radio.descargalatina.cl\/latina\/seidy-la-nina-reparto-cubano\/\"},\"wordCount\":388,\"commentCount\":0,\"publisher\":{\"@id\":\"https:\/\/radio.descargalatina.cl\/latina\/#\/schema\/person\/556e3fed329a665452898b34c88bfe06\"},\"image\":{\"@id\":\"https:\/\/radio.descargalatina.cl\/latina\/seidy-la-nina-reparto-cubano\/#primaryimage\"},\"thumbnailUrl\":\"https:\/\/radio.descargalatina.cl\/latina\/wp-content\/uploads\/2026\/04\/SEIDY-LA-NINA.jpg\",\"keywords\":[\"CubaEnLaCasa\",\"Flow Cubano\",\"MusicaUrbana\",\"RepaQueen\",\"RepartoCubano\",\"Seidy La Ni\u00f1a\"],\"articleSection\":[\"Eventos\",\"Internacionales\"],\"inLanguage\":\"es\",\"potentialAction\":[{\"@type\":\"CommentAction\",\"name\":\"Comment\",\"target\":[\"https:\/\/radio.descargalatina.cl\/latina\/seidy-la-nina-reparto-cubano\/#respond\"]}]},{\"@type\":\"WebPage\",\"@id\":\"https:\/\/radio.descargalatina.cl\/latina\/seidy-la-nina-reparto-cubano\/\",\"url\":\"https:\/\/radio.descargalatina.cl\/latina\/seidy-la-nina-reparto-cubano\/\",\"name\":\"Seidy \\\"La Ni\u00f1a\\\" Repartera. - Descargalatina.cl\",\"isPartOf\":{\"@id\":\"https:\/\/radio.descargalatina.cl\/latina\/#website\"},\"primaryImageOfPage\":{\"@id\":\"https:\/\/radio.descargalatina.cl\/latina\/seidy-la-nina-reparto-cubano\/#primaryimage\"},\"image\":{\"@id\":\"https:\/\/radio.descargalatina.cl\/latina\/seidy-la-nina-reparto-cubano\/#primaryimage\"},\"thumbnailUrl\":\"https:\/\/radio.descargalatina.cl\/latina\/wp-content\/uploads\/2026\/04\/SEIDY-LA-NINA.jpg\",\"datePublished\":\"2026-04-22T04:25:55+00:00\",\"dateModified\":\"2026-04-22T04:40:33+00:00\",\"description\":\"Descubre a Seidy la Ni\u00f1a, la artista cubana que lidera el reparto con fuerza, sensualidad y una historia de superaci\u00f3n que inspira.\",\"breadcrumb\":{\"@id\":\"https:\/\/radio.descargalatina.cl\/latina\/seidy-la-nina-reparto-cubano\/#breadcrumb\"},\"inLanguage\":\"es\",\"potentialAction\":[{\"@type\":\"ReadAction\",\"target\":[\"https:\/\/radio.descargalatina.cl\/latina\/seidy-la-nina-reparto-cubano\/\"]}]},{\"@type\":\"ImageObject\",\"inLanguage\":\"es\",\"@id\":\"https:\/\/radio.descargalatina.cl\/latina\/seidy-la-nina-reparto-cubano\/#primaryimage\",\"url\":\"https:\/\/radio.descargalatina.cl\/latina\/wp-content\/uploads\/2026\/04\/SEIDY-LA-NINA.jpg\",\"contentUrl\":\"https:\/\/radio.descargalatina.cl\/latina\/wp-content\/uploads\/2026\/04\/SEIDY-LA-NINA.jpg\",\"width\":1280,\"height\":538},{\"@type\":\"BreadcrumbList\",\"@id\":\"https:\/\/radio.descargalatina.cl\/latina\/seidy-la-nina-reparto-cubano\/#breadcrumb\",\"itemListElement\":[{\"@type\":\"ListItem\",\"position\":1,\"name\":\"Portada\",\"item\":\"https:\/\/radio.descargalatina.cl\/latina\/\"},{\"@type\":\"ListItem\",\"position\":2,\"name\":\"Seidy \u00abLa Ni\u00f1a\u00bb Repartera.\"}]},{\"@type\":\"WebSite\",\"@id\":\"https:\/\/radio.descargalatina.cl\/latina\/#website\",\"url\":\"https:\/\/radio.descargalatina.cl\/latina\/\",\"name\":\"Descargalatina.cl 2025\",\"description\":\"el portal radio de m\u00fasica latina en Chile.\",\"publisher\":{\"@id\":\"https:\/\/radio.descargalatina.cl\/latina\/#\/schema\/person\/556e3fed329a665452898b34c88bfe06\"},\"potentialAction\":[{\"@type\":\"SearchAction\",\"target\":{\"@type\":\"EntryPoint\",\"urlTemplate\":\"https:\/\/radio.descargalatina.cl\/latina\/?s={search_term_string}\"},\"query-input\":{\"@type\":\"PropertyValueSpecification\",\"valueRequired\":true,\"valueName\":\"search_term_string\"}}],\"inLanguage\":\"es\"},{\"@type\":[\"Person\",\"Organization\"],\"@id\":\"https:\/\/radio.descargalatina.cl\/latina\/#\/schema\/person\/556e3fed329a665452898b34c88bfe06\",\"name\":\"jonnmerino@gmail.com\",\"logo\":{\"@id\":\"https:\/\/radio.descargalatina.cl\/latina\/#\/schema\/person\/image\/\"},\"sameAs\":[\"https:\/\/radio.descargalatina.cl\/latina\"]},{\"@type\":\"Person\",\"@id\":\"https:\/\/radio.descargalatina.cl\/latina\/#\/schema\/person\/627f0e7927ab7234a890f235c524d2db\",\"name\":\"Prensa Descargalatina\",\"url\":\"https:\/\/radio.descargalatina.cl\/latina\/author\/contactocreaideas-cl\/\"}]}<\/script>\n<!-- \/ Yoast SEO plugin. -->","yoast_head_json":{"title":"Seidy \"La Ni\u00f1a\" Repartera. - Descargalatina.cl","description":"Descubre a Seidy la Ni\u00f1a, la artista cubana que lidera el reparto con fuerza, sensualidad y una historia de superaci\u00f3n que inspira.","robots":{"index":"index","follow":"follow","max-snippet":"max-snippet:-1","max-image-preview":"max-image-preview:large","max-video-preview":"max-video-preview:-1"},"canonical":"https:\/\/radio.descargalatina.cl\/latina\/seidy-la-nina-reparto-cubano\/","og_locale":"es_ES","og_type":"article","og_title":"Seidy \"La Ni\u00f1a\" Repartera. - Descargalatina.cl","og_description":"Descubre a Seidy la Ni\u00f1a, la artista cubana que lidera el reparto con fuerza, sensualidad y una historia de superaci\u00f3n que inspira.","og_url":"https:\/\/radio.descargalatina.cl\/latina\/seidy-la-nina-reparto-cubano\/","og_site_name":"Descargalatina.cl","article_published_time":"2026-04-22T04:25:55+00:00","article_modified_time":"2026-04-22T04:40:33+00:00","og_image":[{"width":1280,"height":538,"url":"https:\/\/radio.descargalatina.cl\/latina\/wp-content\/uploads\/2026\/04\/SEIDY-LA-NINA.jpg","type":"image\/jpeg"}],"author":"Prensa Descargalatina","twitter_card":"summary_large_image","twitter_misc":{"Escrito por":"Prensa Descargalatina","Tiempo de lectura":"2 minutos"},"schema":{"@context":"https:\/\/schema.org","@graph":[{"@type":"Article","@id":"https:\/\/radio.descargalatina.cl\/latina\/seidy-la-nina-reparto-cubano\/#article","isPartOf":{"@id":"https:\/\/radio.descargalatina.cl\/latina\/seidy-la-nina-reparto-cubano\/"},"author":{"name":"Prensa Descargalatina","@id":"https:\/\/radio.descargalatina.cl\/latina\/#\/schema\/person\/627f0e7927ab7234a890f235c524d2db"},"headline":"Seidy \u00abLa Ni\u00f1a\u00bb Repartera.","datePublished":"2026-04-22T04:25:55+00:00","dateModified":"2026-04-22T04:40:33+00:00","mainEntityOfPage":{"@id":"https:\/\/radio.descargalatina.cl\/latina\/seidy-la-nina-reparto-cubano\/"},"wordCount":388,"commentCount":0,"publisher":{"@id":"https:\/\/radio.descargalatina.cl\/latina\/#\/schema\/person\/556e3fed329a665452898b34c88bfe06"},"image":{"@id":"https:\/\/radio.descargalatina.cl\/latina\/seidy-la-nina-reparto-cubano\/#primaryimage"},"thumbnailUrl":"https:\/\/radio.descargalatina.cl\/latina\/wp-content\/uploads\/2026\/04\/SEIDY-LA-NINA.jpg","keywords":["CubaEnLaCasa","Flow Cubano","MusicaUrbana","RepaQueen","RepartoCubano","Seidy La Ni\u00f1a"],"articleSection":["Eventos","Internacionales"],"inLanguage":"es","potentialAction":[{"@type":"CommentAction","name":"Comment","target":["https:\/\/radio.descargalatina.cl\/latina\/seidy-la-nina-reparto-cubano\/#respond"]}]},{"@type":"WebPage","@id":"https:\/\/radio.descargalatina.cl\/latina\/seidy-la-nina-reparto-cubano\/","url":"https:\/\/radio.descargalatina.cl\/latina\/seidy-la-nina-reparto-cubano\/","name":"Seidy \"La Ni\u00f1a\" Repartera. - Descargalatina.cl","isPartOf":{"@id":"https:\/\/radio.descargalatina.cl\/latina\/#website"},"primaryImageOfPage":{"@id":"https:\/\/radio.descargalatina.cl\/latina\/seidy-la-nina-reparto-cubano\/#primaryimage"},"image":{"@id":"https:\/\/radio.descargalatina.cl\/latina\/seidy-la-nina-reparto-cubano\/#primaryimage"},"thumbnailUrl":"https:\/\/radio.descargalatina.cl\/latina\/wp-content\/uploads\/2026\/04\/SEIDY-LA-NINA.jpg","datePublished":"2026-04-22T04:25:55+00:00","dateModified":"2026-04-22T04:40:33+00:00","description":"Descubre a Seidy la Ni\u00f1a, la artista cubana que lidera el reparto con fuerza, sensualidad y una historia de superaci\u00f3n que inspira.","breadcrumb":{"@id":"https:\/\/radio.descargalatina.cl\/latina\/seidy-la-nina-reparto-cubano\/#breadcrumb"},"inLanguage":"es","potentialAction":[{"@type":"ReadAction","target":["https:\/\/radio.descargalatina.cl\/latina\/seidy-la-nina-reparto-cubano\/"]}]},{"@type":"ImageObject","inLanguage":"es","@id":"https:\/\/radio.descargalatina.cl\/latina\/seidy-la-nina-reparto-cubano\/#primaryimage","url":"https:\/\/radio.descargalatina.cl\/latina\/wp-content\/uploads\/2026\/04\/SEIDY-LA-NINA.jpg","contentUrl":"https:\/\/radio.descargalatina.cl\/latina\/wp-content\/uploads\/2026\/04\/SEIDY-LA-NINA.jpg","width":1280,"height":538},{"@type":"BreadcrumbList","@id":"https:\/\/radio.descargalatina.cl\/latina\/seidy-la-nina-reparto-cubano\/#breadcrumb","itemListElement":[{"@type":"ListItem","position":1,"name":"Portada","item":"https:\/\/radio.descargalatina.cl\/latina\/"},{"@type":"ListItem","position":2,"name":"Seidy \u00abLa Ni\u00f1a\u00bb Repartera."}]},{"@type":"WebSite","@id":"https:\/\/radio.descargalatina.cl\/latina\/#website","url":"https:\/\/radio.descargalatina.cl\/latina\/","name":"Descargalatina.cl 2025","description":"el portal radio de m\u00fasica latina en Chile.","publisher":{"@id":"https:\/\/radio.descargalatina.cl\/latina\/#\/schema\/person\/556e3fed329a665452898b34c88bfe06"},"potentialAction":[{"@type":"SearchAction","target":{"@type":"EntryPoint","urlTemplate":"https:\/\/radio.descargalatina.cl\/latina\/?s={search_term_string}"},"query-input":{"@type":"PropertyValueSpecification","valueRequired":true,"valueName":"search_term_string"}}],"inLanguage":"es"},{"@type":["Person","Organization"],"@id":"https:\/\/radio.descargalatina.cl\/latina\/#\/schema\/person\/556e3fed329a665452898b34c88bfe06","name":"jonnmerino@gmail.com","logo":{"@id":"https:\/\/radio.descargalatina.cl\/latina\/#\/schema\/person\/image\/"},"sameAs":["https:\/\/radio.descargalatina.cl\/latina"]},{"@type":"Person","@id":"https:\/\/radio.descargalatina.cl\/latina\/#\/schema\/person\/627f0e7927ab7234a890f235c524d2db","name":"Prensa Descargalatina","url":"https:\/\/radio.descargalatina.cl\/latina\/author\/contactocreaideas-cl\/"}]}},"_links":{"self":[{"href":"https:\/\/radio.descargalatina.cl\/latina\/wp-json\/wp\/v2\/posts\/3279","targetHints":{"allow":["GET"]}}],"collection":[{"href":"https:\/\/radio.descargalatina.cl\/latina\/wp-json\/wp\/v2\/posts"}],"about":[{"href":"https:\/\/radio.descargalatina.cl\/latina\/wp-json\/wp\/v2\/types\/post"}],"author":[{"embeddable":true,"href":"https:\/\/radio.descargalatina.cl\/latina\/wp-json\/wp\/v2\/users\/2"}],"replies":[{"embeddable":true,"href":"https:\/\/radio.descargalatina.cl\/latina\/wp-json\/wp\/v2\/comments?post=3279"}],"version-history":[{"count":1,"href":"https:\/\/radio.descargalatina.cl\/latina\/wp-json\/wp\/v2\/posts\/3279\/revisions"}],"predecessor-version":[{"id":3280,"href":"https:\/\/radio.descargalatina.cl\/latina\/wp-json\/wp\/v2\/posts\/3279\/revisions\/3280"}],"wp:featuredmedia":[{"embeddable":true,"href":"https:\/\/radio.descargalatina.cl\/latina\/wp-json\/wp\/v2\/media\/3281"}],"wp:attachment":[{"href":"https:\/\/radio.descargalatina.cl\/latina\/wp-json\/wp\/v2\/media?parent=3279"}],"wp:term":[{"taxonomy":"category","embeddable":true,"href":"https:\/\/radio.descargalatina.cl\/latina\/wp-json\/wp\/v2\/categories?post=3279"},{"taxonomy":"post_tag","embeddable":true,"href":"https:\/\/radio.descargalatina.cl\/latina\/wp-json\/wp\/v2\/tags?post=3279"}],"curies":[{"name":"wp","href":"https:\/\/api.w.org\/{rel}","templated":true}]}}