{"id":3283,"date":"2026-04-22T07:55:33","date_gmt":"2026-04-22T05:55:33","guid":{"rendered":"https:\/\/radio.descargalatina.cl\/latina\/?p=3283"},"modified":"2026-04-22T08:19:46","modified_gmt":"2026-04-22T06:19:46","slug":"angela-carrasco-el-regreso-de-una-leyenda","status":"publish","type":"post","link":"https:\/\/radio.descargalatina.cl\/latina\/angela-carrasco-el-regreso-de-una-leyenda\/","title":{"rendered":"\u00c1ngela Carrasco, El regreso de una leyenda."},"content":{"rendered":"\n<p><\/p>\n\n\n\n<h1 class=\"wp-block-heading\">\u00c1ngela Carrasco trae la magia de su musical a Chile<\/h1>\n\n\n\n<hr class=\"wp-block-separator has-alpha-channel-opacity\"\/>\n\n\n\n<h2 class=\"wp-block-heading\">Una voz que vive en nuestros recuerdos<\/h2>\n\n\n\n<p>\u00bfQui\u00e9n no ha cantado a todo pulm\u00f3n en el living de su casa temas como <em>\u00abQuererte a ti\u00bb<\/em> o <em>\u00abSi t\u00fa eres mi hombre\u00bb<\/em>? Hay artistas que no necesitan presentaci\u00f3n porque su voz ya es parte de nuestra historia familiar. Hoy, en <strong>Ritmo Latino<\/strong>, tenemos el coraz\u00f3n saltando de alegr\u00eda: <strong>\u00c1ngela Carrasco vuelve a Chile.<\/strong><\/p>\n\n\n\n<p>La multipremiada artista dominicana, reconocida con el <strong>Premio a la Excelencia Musical en los Latin Grammy<\/strong>, regresa a nuestra tierra con una propuesta que promete ser mucho m\u00e1s que un concierto. Se trata de <strong>\u00abSiempre \u00c1ngela el musical\u00bb<\/strong>, un viaje sensorial que combina la fuerza de su interpretaci\u00f3n con una puesta en escena de nivel internacional.<\/p>\n\n\n\n<hr class=\"wp-block-separator has-alpha-channel-opacity\"\/>\n\n\n\n<h3 class=\"wp-block-heading\">Un puente entre el ayer y el hoy<\/h3>\n\n\n\n<p>Hablar de \u00c1ngela es, inevitablemente, recordar aquel hito de 1975 cuando, de la mano del eterno <strong>Camilo Sesto<\/strong>, protagoniz\u00f3 <em>Jesucristo Superstar<\/em>. Esa Mar\u00eda Magdalena nos rob\u00f3 el alma y marc\u00f3 el inicio de una era dorada para la balada en espa\u00f1ol.<\/p>\n\n\n\n<p>Hoy, con m\u00e1s de 45 a\u00f1os de trayectoria, \u00c1ngela no solo vuelve como la gran diva que es, sino como una maestra que sigue derrochando sensualidad y una conexi\u00f3n \u00fanica con su p\u00fablico.<\/p>\n\n\n\n<blockquote class=\"wp-block-quote is-layout-flow wp-block-quote-is-layout-flow\">\n<p><em>\u00abEste regreso no es solo m\u00fasica; es un reencuentro con las emociones que nos han acompa\u00f1ado por d\u00e9cadas.\u00bb<\/em><\/p>\n<\/blockquote>\n\n\n\n<hr class=\"wp-block-separator has-alpha-channel-opacity\"\/>\n\n\n\n<h3 class=\"wp-block-heading\">\u00bfQu\u00e9 esperar de \u00abSiempre \u00c1ngela el musical\u00bb?<\/h3>\n\n\n\n<p>Este espect\u00e1culo, que ya ha triunfado en M\u00e9xico, Colombia y Estados Unidos, es una explosi\u00f3n de identidad caribe\u00f1a y elegancia. La nota alta la pondr\u00e1n:<\/p>\n\n\n\n<ul class=\"wp-block-list\">\n<li><strong>El Ballet Tropicuba:<\/strong> Inspirado en el legendario cabaret Tropicana, llenando el escenario de color y movimiento.<\/li>\n\n\n\n<li><strong>Homenaje a la Guarachera:<\/strong> \u00c1ngela se unir\u00e1 a la voz de <strong>Lisandra Vald\u00e9s<\/strong> para rendir un tributo vibrante al repertorio de Celia Cruz.<\/li>\n\n\n\n<li><strong>Puesta en escena renovada:<\/strong> Una propuesta visual moderna con im\u00e1genes evocadoras que repasan su historia.<br><\/li>\n<\/ul>\n\n\n\n<hr class=\"wp-block-separator has-alpha-channel-opacity\"\/>\n\n\n\n<h3 class=\"wp-block-heading\">Un reencuentro imperdible<\/h3>\n\n\n\n<p>Chile siempre ha tenido un romance especial con \u00c1ngela Carrasco. Sus visitas son sin\u00f3nimo de calidad, emoci\u00f3n y esa cercan\u00eda que solo los grandes artistas logran mantener con el paso del tiempo.<\/p>\n\n\n\n<p><strong>\u00a1Prep\u00e1rate para vivir una noche de nostalgia y ritmo!<\/strong> Sigue atento a nuestras redes en el podcast para conocer las fechas oficiales y la venta de entradas.<\/p>\n\n\n\n<hr class=\"wp-block-separator has-alpha-channel-opacity\"\/>\n\n\n\n<p><strong>[Imagen sugerida: Foto de \u00c1ngela Carrasco en su \u00e9poca de Jesucristo Superstar junto a una actual \/ Afiche del Musical]<\/strong><\/p>\n\n\n\n<p><strong>\u00bfCu\u00e1l es tu canci\u00f3n favorita de \u00c1ngela? D\u00e9janos tu comentario abajo y cu\u00e9ntanos ese recuerdo especial que te trae su voz.<\/strong><\/p>\n\n\n\n<p><\/p>\n\n\n\n<figure class=\"wp-block-embed is-type-video is-provider-youtube wp-block-embed-youtube wp-embed-aspect-4-3 wp-has-aspect-ratio\"><div class=\"wp-block-embed__wrapper\">\n<iframe loading=\"lazy\" title=\"Angela Carrasco - Cari\u00f1o M\u00edo (Cita Amb (TVE))\" width=\"1140\" height=\"855\" src=\"https:\/\/www.youtube.com\/embed\/4LL2cfZEDe0?feature=oembed\" frameborder=\"0\" allow=\"accelerometer; autoplay; clipboard-write; encrypted-media; gyroscope; picture-in-picture; web-share\" referrerpolicy=\"strict-origin-when-cross-origin\" allowfullscreen><\/iframe>\n<\/div><\/figure>\n\n\n\n<hr class=\"wp-block-separator has-alpha-channel-opacity\"\/>\n\n\n\n<h3 class=\"wp-block-heading\">Notas para el Editor (Tips de Sof\u00eda):<\/h3>\n\n\n\n<ol start=\"1\" class=\"wp-block-list\">\n<li><strong>Imagen Destacada:<\/strong> Usa una foto de \u00c1ngela donde se vea empoderada y elegante.<\/li>\n\n\n\n<li><strong>Extracto (Snippet):<\/strong> \u00abLa voz que marc\u00f3 una generaci\u00f3n regresa a Chile. Descubre todos los detalles de &#8216;Siempre \u00c1ngela el musical&#8217;, el esperado retorno de la diva dominicana que conquist\u00f3 el mundo junto a Camilo Sesto.\u00bb<\/li>\n<\/ol>\n","protected":false},"excerpt":{"rendered":"<p>\u00c1ngela Carrasco trae la magia de su musical a Chile Una voz que vive en nuestros recuerdos \u00bfQui\u00e9n no ha cantado a todo pulm\u00f3n en el living de su casa temas como \u00abQuererte a ti\u00bb o \u00abSi t\u00fa eres mi hombre\u00bb? Hay artistas que no necesitan presentaci\u00f3n porque su voz ya es parte de nuestra [&hellip;]<\/p>\n","protected":false},"author":2,"featured_media":3285,"comment_status":"open","ping_status":"closed","sticky":false,"template":"","format":"standard","meta":{"footnotes":""},"categories":[1],"tags":[],"class_list":["post-3283","post","type-post","status-publish","format-standard","has-post-thumbnail","hentry","category-sin-categoria"],"featured_image_src":{"landsacpe":["https:\/\/radio.descargalatina.cl\/latina\/wp-content\/uploads\/2026\/04\/PORTADA-ANGELA-CARRASCO-CHILE-2026-1140x445.jpg",1140,445,true],"list":["https:\/\/radio.descargalatina.cl\/latina\/wp-content\/uploads\/2026\/04\/PORTADA-ANGELA-CARRASCO-CHILE-2026-463x348.jpg",463,348,true],"medium":["https:\/\/radio.descargalatina.cl\/latina\/wp-content\/uploads\/2026\/04\/PORTADA-ANGELA-CARRASCO-CHILE-2026-300x126.jpg",300,126,true],"full":["https:\/\/radio.descargalatina.cl\/latina\/wp-content\/uploads\/2026\/04\/PORTADA-ANGELA-CARRASCO-CHILE-2026.jpg",2381,1000,false]},"yoast_head":"<!-- This site is optimized with the Yoast SEO plugin v27.1.1 - https:\/\/yoast.com\/product\/yoast-seo-wordpress\/ -->\n<title>\u00c1ngela Carrasco, El regreso de una leyenda. - Descargalatina.cl<\/title>\n<meta name=\"robots\" content=\"index, follow, max-snippet:-1, max-image-preview:large, max-video-preview:-1\" \/>\n<link rel=\"canonical\" href=\"https:\/\/radio.descargalatina.cl\/latina\/angela-carrasco-el-regreso-de-una-leyenda\/\" \/>\n<meta property=\"og:locale\" content=\"es_ES\" \/>\n<meta property=\"og:type\" content=\"article\" \/>\n<meta property=\"og:title\" content=\"\u00c1ngela Carrasco, El regreso de una leyenda. - Descargalatina.cl\" \/>\n<meta property=\"og:description\" content=\"\u00c1ngela Carrasco trae la magia de su musical a Chile Una voz que vive en nuestros recuerdos \u00bfQui\u00e9n no ha cantado a todo pulm\u00f3n en el living de su casa temas como \u00abQuererte a ti\u00bb o \u00abSi t\u00fa eres mi hombre\u00bb? Hay artistas que no necesitan presentaci\u00f3n porque su voz ya es parte de nuestra [&hellip;]\" \/>\n<meta property=\"og:url\" content=\"https:\/\/radio.descargalatina.cl\/latina\/angela-carrasco-el-regreso-de-una-leyenda\/\" \/>\n<meta property=\"og:site_name\" content=\"Descargalatina.cl\" \/>\n<meta property=\"article:published_time\" content=\"2026-04-22T05:55:33+00:00\" \/>\n<meta property=\"article:modified_time\" content=\"2026-04-22T06:19:46+00:00\" \/>\n<meta property=\"og:image\" content=\"https:\/\/radio.descargalatina.cl\/latina\/wp-content\/uploads\/2026\/04\/PORTADA-ANGELA-CARRASCO-CHILE-2026.jpg\" \/>\n\t<meta property=\"og:image:width\" content=\"2381\" \/>\n\t<meta property=\"og:image:height\" content=\"1000\" \/>\n\t<meta property=\"og:image:type\" content=\"image\/jpeg\" \/>\n<meta name=\"author\" content=\"Prensa Descargalatina\" \/>\n<meta name=\"twitter:card\" content=\"summary_large_image\" \/>\n<meta name=\"twitter:label1\" content=\"Escrito por\" \/>\n\t<meta name=\"twitter:data1\" content=\"Prensa Descargalatina\" \/>\n\t<meta name=\"twitter:label2\" content=\"Tiempo de lectura\" \/>\n\t<meta name=\"twitter:data2\" content=\"3 minutos\" \/>\n<script type=\"application\/ld+json\" class=\"yoast-schema-graph\">{\"@context\":\"https:\/\/schema.org\",\"@graph\":[{\"@type\":\"Article\",\"@id\":\"https:\/\/radio.descargalatina.cl\/latina\/angela-carrasco-el-regreso-de-una-leyenda\/#article\",\"isPartOf\":{\"@id\":\"https:\/\/radio.descargalatina.cl\/latina\/angela-carrasco-el-regreso-de-una-leyenda\/\"},\"author\":{\"name\":\"Prensa Descargalatina\",\"@id\":\"https:\/\/radio.descargalatina.cl\/latina\/#\/schema\/person\/627f0e7927ab7234a890f235c524d2db\"},\"headline\":\"\u00c1ngela Carrasco, El regreso de una leyenda.\",\"datePublished\":\"2026-04-22T05:55:33+00:00\",\"dateModified\":\"2026-04-22T06:19:46+00:00\",\"mainEntityOfPage\":{\"@id\":\"https:\/\/radio.descargalatina.cl\/latina\/angela-carrasco-el-regreso-de-una-leyenda\/\"},\"wordCount\":517,\"commentCount\":0,\"publisher\":{\"@id\":\"https:\/\/radio.descargalatina.cl\/latina\/#\/schema\/person\/556e3fed329a665452898b34c88bfe06\"},\"image\":{\"@id\":\"https:\/\/radio.descargalatina.cl\/latina\/angela-carrasco-el-regreso-de-una-leyenda\/#primaryimage\"},\"thumbnailUrl\":\"https:\/\/radio.descargalatina.cl\/latina\/wp-content\/uploads\/2026\/04\/PORTADA-ANGELA-CARRASCO-CHILE-2026.jpg\",\"inLanguage\":\"es\",\"potentialAction\":[{\"@type\":\"CommentAction\",\"name\":\"Comment\",\"target\":[\"https:\/\/radio.descargalatina.cl\/latina\/angela-carrasco-el-regreso-de-una-leyenda\/#respond\"]}]},{\"@type\":\"WebPage\",\"@id\":\"https:\/\/radio.descargalatina.cl\/latina\/angela-carrasco-el-regreso-de-una-leyenda\/\",\"url\":\"https:\/\/radio.descargalatina.cl\/latina\/angela-carrasco-el-regreso-de-una-leyenda\/\",\"name\":\"\u00c1ngela Carrasco, El regreso de una leyenda. - Descargalatina.cl\",\"isPartOf\":{\"@id\":\"https:\/\/radio.descargalatina.cl\/latina\/#website\"},\"primaryImageOfPage\":{\"@id\":\"https:\/\/radio.descargalatina.cl\/latina\/angela-carrasco-el-regreso-de-una-leyenda\/#primaryimage\"},\"image\":{\"@id\":\"https:\/\/radio.descargalatina.cl\/latina\/angela-carrasco-el-regreso-de-una-leyenda\/#primaryimage\"},\"thumbnailUrl\":\"https:\/\/radio.descargalatina.cl\/latina\/wp-content\/uploads\/2026\/04\/PORTADA-ANGELA-CARRASCO-CHILE-2026.jpg\",\"datePublished\":\"2026-04-22T05:55:33+00:00\",\"dateModified\":\"2026-04-22T06:19:46+00:00\",\"breadcrumb\":{\"@id\":\"https:\/\/radio.descargalatina.cl\/latina\/angela-carrasco-el-regreso-de-una-leyenda\/#breadcrumb\"},\"inLanguage\":\"es\",\"potentialAction\":[{\"@type\":\"ReadAction\",\"target\":[\"https:\/\/radio.descargalatina.cl\/latina\/angela-carrasco-el-regreso-de-una-leyenda\/\"]}]},{\"@type\":\"ImageObject\",\"inLanguage\":\"es\",\"@id\":\"https:\/\/radio.descargalatina.cl\/latina\/angela-carrasco-el-regreso-de-una-leyenda\/#primaryimage\",\"url\":\"https:\/\/radio.descargalatina.cl\/latina\/wp-content\/uploads\/2026\/04\/PORTADA-ANGELA-CARRASCO-CHILE-2026.jpg\",\"contentUrl\":\"https:\/\/radio.descargalatina.cl\/latina\/wp-content\/uploads\/2026\/04\/PORTADA-ANGELA-CARRASCO-CHILE-2026.jpg\",\"width\":2381,\"height\":1000},{\"@type\":\"BreadcrumbList\",\"@id\":\"https:\/\/radio.descargalatina.cl\/latina\/angela-carrasco-el-regreso-de-una-leyenda\/#breadcrumb\",\"itemListElement\":[{\"@type\":\"ListItem\",\"position\":1,\"name\":\"Portada\",\"item\":\"https:\/\/radio.descargalatina.cl\/latina\/\"},{\"@type\":\"ListItem\",\"position\":2,\"name\":\"\u00c1ngela Carrasco, El regreso de una leyenda.\"}]},{\"@type\":\"WebSite\",\"@id\":\"https:\/\/radio.descargalatina.cl\/latina\/#website\",\"url\":\"https:\/\/radio.descargalatina.cl\/latina\/\",\"name\":\"Descargalatina.cl 2025\",\"description\":\"el portal radio de m\u00fasica latina en Chile.\",\"publisher\":{\"@id\":\"https:\/\/radio.descargalatina.cl\/latina\/#\/schema\/person\/556e3fed329a665452898b34c88bfe06\"},\"potentialAction\":[{\"@type\":\"SearchAction\",\"target\":{\"@type\":\"EntryPoint\",\"urlTemplate\":\"https:\/\/radio.descargalatina.cl\/latina\/?s={search_term_string}\"},\"query-input\":{\"@type\":\"PropertyValueSpecification\",\"valueRequired\":true,\"valueName\":\"search_term_string\"}}],\"inLanguage\":\"es\"},{\"@type\":[\"Person\",\"Organization\"],\"@id\":\"https:\/\/radio.descargalatina.cl\/latina\/#\/schema\/person\/556e3fed329a665452898b34c88bfe06\",\"name\":\"jonnmerino@gmail.com\",\"logo\":{\"@id\":\"https:\/\/radio.descargalatina.cl\/latina\/#\/schema\/person\/image\/\"},\"sameAs\":[\"https:\/\/radio.descargalatina.cl\/latina\"]},{\"@type\":\"Person\",\"@id\":\"https:\/\/radio.descargalatina.cl\/latina\/#\/schema\/person\/627f0e7927ab7234a890f235c524d2db\",\"name\":\"Prensa Descargalatina\",\"url\":\"https:\/\/radio.descargalatina.cl\/latina\/author\/contactocreaideas-cl\/\"}]}<\/script>\n<!-- \/ Yoast SEO plugin. -->","yoast_head_json":{"title":"\u00c1ngela Carrasco, El regreso de una leyenda. - Descargalatina.cl","robots":{"index":"index","follow":"follow","max-snippet":"max-snippet:-1","max-image-preview":"max-image-preview:large","max-video-preview":"max-video-preview:-1"},"canonical":"https:\/\/radio.descargalatina.cl\/latina\/angela-carrasco-el-regreso-de-una-leyenda\/","og_locale":"es_ES","og_type":"article","og_title":"\u00c1ngela Carrasco, El regreso de una leyenda. - Descargalatina.cl","og_description":"\u00c1ngela Carrasco trae la magia de su musical a Chile Una voz que vive en nuestros recuerdos \u00bfQui\u00e9n no ha cantado a todo pulm\u00f3n en el living de su casa temas como \u00abQuererte a ti\u00bb o \u00abSi t\u00fa eres mi hombre\u00bb? Hay artistas que no necesitan presentaci\u00f3n porque su voz ya es parte de nuestra [&hellip;]","og_url":"https:\/\/radio.descargalatina.cl\/latina\/angela-carrasco-el-regreso-de-una-leyenda\/","og_site_name":"Descargalatina.cl","article_published_time":"2026-04-22T05:55:33+00:00","article_modified_time":"2026-04-22T06:19:46+00:00","og_image":[{"width":2381,"height":1000,"url":"https:\/\/radio.descargalatina.cl\/latina\/wp-content\/uploads\/2026\/04\/PORTADA-ANGELA-CARRASCO-CHILE-2026.jpg","type":"image\/jpeg"}],"author":"Prensa Descargalatina","twitter_card":"summary_large_image","twitter_misc":{"Escrito por":"Prensa Descargalatina","Tiempo de lectura":"3 minutos"},"schema":{"@context":"https:\/\/schema.org","@graph":[{"@type":"Article","@id":"https:\/\/radio.descargalatina.cl\/latina\/angela-carrasco-el-regreso-de-una-leyenda\/#article","isPartOf":{"@id":"https:\/\/radio.descargalatina.cl\/latina\/angela-carrasco-el-regreso-de-una-leyenda\/"},"author":{"name":"Prensa Descargalatina","@id":"https:\/\/radio.descargalatina.cl\/latina\/#\/schema\/person\/627f0e7927ab7234a890f235c524d2db"},"headline":"\u00c1ngela Carrasco, El regreso de una leyenda.","datePublished":"2026-04-22T05:55:33+00:00","dateModified":"2026-04-22T06:19:46+00:00","mainEntityOfPage":{"@id":"https:\/\/radio.descargalatina.cl\/latina\/angela-carrasco-el-regreso-de-una-leyenda\/"},"wordCount":517,"commentCount":0,"publisher":{"@id":"https:\/\/radio.descargalatina.cl\/latina\/#\/schema\/person\/556e3fed329a665452898b34c88bfe06"},"image":{"@id":"https:\/\/radio.descargalatina.cl\/latina\/angela-carrasco-el-regreso-de-una-leyenda\/#primaryimage"},"thumbnailUrl":"https:\/\/radio.descargalatina.cl\/latina\/wp-content\/uploads\/2026\/04\/PORTADA-ANGELA-CARRASCO-CHILE-2026.jpg","inLanguage":"es","potentialAction":[{"@type":"CommentAction","name":"Comment","target":["https:\/\/radio.descargalatina.cl\/latina\/angela-carrasco-el-regreso-de-una-leyenda\/#respond"]}]},{"@type":"WebPage","@id":"https:\/\/radio.descargalatina.cl\/latina\/angela-carrasco-el-regreso-de-una-leyenda\/","url":"https:\/\/radio.descargalatina.cl\/latina\/angela-carrasco-el-regreso-de-una-leyenda\/","name":"\u00c1ngela Carrasco, El regreso de una leyenda. - Descargalatina.cl","isPartOf":{"@id":"https:\/\/radio.descargalatina.cl\/latina\/#website"},"primaryImageOfPage":{"@id":"https:\/\/radio.descargalatina.cl\/latina\/angela-carrasco-el-regreso-de-una-leyenda\/#primaryimage"},"image":{"@id":"https:\/\/radio.descargalatina.cl\/latina\/angela-carrasco-el-regreso-de-una-leyenda\/#primaryimage"},"thumbnailUrl":"https:\/\/radio.descargalatina.cl\/latina\/wp-content\/uploads\/2026\/04\/PORTADA-ANGELA-CARRASCO-CHILE-2026.jpg","datePublished":"2026-04-22T05:55:33+00:00","dateModified":"2026-04-22T06:19:46+00:00","breadcrumb":{"@id":"https:\/\/radio.descargalatina.cl\/latina\/angela-carrasco-el-regreso-de-una-leyenda\/#breadcrumb"},"inLanguage":"es","potentialAction":[{"@type":"ReadAction","target":["https:\/\/radio.descargalatina.cl\/latina\/angela-carrasco-el-regreso-de-una-leyenda\/"]}]},{"@type":"ImageObject","inLanguage":"es","@id":"https:\/\/radio.descargalatina.cl\/latina\/angela-carrasco-el-regreso-de-una-leyenda\/#primaryimage","url":"https:\/\/radio.descargalatina.cl\/latina\/wp-content\/uploads\/2026\/04\/PORTADA-ANGELA-CARRASCO-CHILE-2026.jpg","contentUrl":"https:\/\/radio.descargalatina.cl\/latina\/wp-content\/uploads\/2026\/04\/PORTADA-ANGELA-CARRASCO-CHILE-2026.jpg","width":2381,"height":1000},{"@type":"BreadcrumbList","@id":"https:\/\/radio.descargalatina.cl\/latina\/angela-carrasco-el-regreso-de-una-leyenda\/#breadcrumb","itemListElement":[{"@type":"ListItem","position":1,"name":"Portada","item":"https:\/\/radio.descargalatina.cl\/latina\/"},{"@type":"ListItem","position":2,"name":"\u00c1ngela Carrasco, El regreso de una leyenda."}]},{"@type":"WebSite","@id":"https:\/\/radio.descargalatina.cl\/latina\/#website","url":"https:\/\/radio.descargalatina.cl\/latina\/","name":"Descargalatina.cl 2025","description":"el portal radio de m\u00fasica latina en Chile.","publisher":{"@id":"https:\/\/radio.descargalatina.cl\/latina\/#\/schema\/person\/556e3fed329a665452898b34c88bfe06"},"potentialAction":[{"@type":"SearchAction","target":{"@type":"EntryPoint","urlTemplate":"https:\/\/radio.descargalatina.cl\/latina\/?s={search_term_string}"},"query-input":{"@type":"PropertyValueSpecification","valueRequired":true,"valueName":"search_term_string"}}],"inLanguage":"es"},{"@type":["Person","Organization"],"@id":"https:\/\/radio.descargalatina.cl\/latina\/#\/schema\/person\/556e3fed329a665452898b34c88bfe06","name":"jonnmerino@gmail.com","logo":{"@id":"https:\/\/radio.descargalatina.cl\/latina\/#\/schema\/person\/image\/"},"sameAs":["https:\/\/radio.descargalatina.cl\/latina"]},{"@type":"Person","@id":"https:\/\/radio.descargalatina.cl\/latina\/#\/schema\/person\/627f0e7927ab7234a890f235c524d2db","name":"Prensa Descargalatina","url":"https:\/\/radio.descargalatina.cl\/latina\/author\/contactocreaideas-cl\/"}]}},"_links":{"self":[{"href":"https:\/\/radio.descargalatina.cl\/latina\/wp-json\/wp\/v2\/posts\/3283","targetHints":{"allow":["GET"]}}],"collection":[{"href":"https:\/\/radio.descargalatina.cl\/latina\/wp-json\/wp\/v2\/posts"}],"about":[{"href":"https:\/\/radio.descargalatina.cl\/latina\/wp-json\/wp\/v2\/types\/post"}],"author":[{"embeddable":true,"href":"https:\/\/radio.descargalatina.cl\/latina\/wp-json\/wp\/v2\/users\/2"}],"replies":[{"embeddable":true,"href":"https:\/\/radio.descargalatina.cl\/latina\/wp-json\/wp\/v2\/comments?post=3283"}],"version-history":[{"count":1,"href":"https:\/\/radio.descargalatina.cl\/latina\/wp-json\/wp\/v2\/posts\/3283\/revisions"}],"predecessor-version":[{"id":3284,"href":"https:\/\/radio.descargalatina.cl\/latina\/wp-json\/wp\/v2\/posts\/3283\/revisions\/3284"}],"wp:featuredmedia":[{"embeddable":true,"href":"https:\/\/radio.descargalatina.cl\/latina\/wp-json\/wp\/v2\/media\/3285"}],"wp:attachment":[{"href":"https:\/\/radio.descargalatina.cl\/latina\/wp-json\/wp\/v2\/media?parent=3283"}],"wp:term":[{"taxonomy":"category","embeddable":true,"href":"https:\/\/radio.descargalatina.cl\/latina\/wp-json\/wp\/v2\/categories?post=3283"},{"taxonomy":"post_tag","embeddable":true,"href":"https:\/\/radio.descargalatina.cl\/latina\/wp-json\/wp\/v2\/tags?post=3283"}],"curies":[{"name":"wp","href":"https:\/\/api.w.org\/{rel}","templated":true}]}}