{"id":3286,"date":"2026-04-28T08:01:52","date_gmt":"2026-04-28T06:01:52","guid":{"rendered":"https:\/\/radio.descargalatina.cl\/latina\/?p=3286"},"modified":"2026-04-28T08:44:17","modified_gmt":"2026-04-28T06:44:17","slug":"elito-reve-chile-2026-charangon-70-anos","status":"publish","type":"post","link":"https:\/\/radio.descargalatina.cl\/latina\/elito-reve-chile-2026-charangon-70-anos\/","title":{"rendered":"Elito Rev\u00e9 en Chile 2026: 70 a\u00f1os del Charang\u00f3n"},"content":{"rendered":"\n<p><\/p>\n\n\n\n<p>\u00a1Confirmado! La Aplanadora de Cuba llega a Chile: Elito Rev\u00e9 y su Charang\u00f3n prometen un agosto hist\u00f3rico<\/p>\n\n\n\n<p><\/p>\n\n\n\n<h4 class=\"wp-block-heading\"><strong>70 a\u00f1os de historia del Charang\u00f3n<\/strong><\/h4>\n\n\n\n<p>Elito Rev\u00e9 y su Charang\u00f3n no solo representan una agrupaci\u00f3n musical, sino una verdadera escuela de talentos dentro de la m\u00fasica cubana. Bajo la direcci\u00f3n de Elito Rev\u00e9, hijo del legendario Elio Rev\u00e9 Matos, la orquesta ha mantenido vigente su sonido durante siete d\u00e9cadas, consolid\u00e1ndose como referente de la timba y el chang\u00fc\u00ed moderno.<\/p>\n\n\n\n<h4 class=\"wp-block-heading\"><strong>Premios y legado internacional<\/strong><\/h4>\n\n\n\n<p>La agrupaci\u00f3n ha sido reconocida con m\u00faltiples premios en Premios Cubadisco, incluyendo galardones por producciones como el \u00e1lbum \u00bfDe qu\u00e9 estamos hablando? y el DVD Dos Leyendas. Estos hitos consolidan su posici\u00f3n como una de las orquestas m\u00e1s influyentes de la m\u00fasica popular bailable.<\/p>\n\n\n\n<h4 class=\"wp-block-heading\"><br><strong>Canciones que marcar\u00e1n el tour en Chile<\/strong><\/h4>\n\n\n\n<p>El repertorio de Elito Rev\u00e9 en Chile 2026 incluir\u00e1 cl\u00e1sicos imprescindibles de la m\u00fasica cubana:<\/p>\n\n\n\n<ul class=\"wp-block-list\">\n<li>Agua Pa&#8217; Yemay\u00e1<\/li>\n\n\n\n<li>Se sigue comentando<\/li>\n\n\n\n<li>La Guagua<\/li>\n\n\n\n<li>La Ru\u00f1idera<\/li>\n\n\n\n<li>Mu\u00e9vete pa&#8217; qu\u00ed<\/li>\n\n\n\n<li>Muy grande pa&#8217; tu edad<\/li>\n<\/ul>\n\n\n\n<p>Este recorrido musical promete hacer vibrar al p\u00fablico chileno con lo mejor del repertorio afrolatino.<br><\/p>\n\n\n\n<h4 class=\"wp-block-heading\"><strong>Tour \u201cLa Aplanadora\u201d en Chile<\/strong><\/h4>\n\n\n\n<p>El tour 2026 de Elito Rev\u00e9 y su Charang\u00f3n llega a Chile con un mensaje claro: potencia, tradici\u00f3n y evoluci\u00f3n. La gira incluir\u00e1 presentaciones en Santiago y otras ciudades del pa\u00eds, consolidando una experiencia \u00fanica para los amantes de la salsa y la timba.<br><\/p>\n\n\n\n<hr class=\"wp-block-separator has-alpha-channel-opacity\"\/>\n\n\n\n<p><\/p>\n\n\n\n<figure class=\"wp-block-embed is-type-video is-provider-youtube wp-block-embed-youtube wp-embed-aspect-16-9 wp-has-aspect-ratio\"><div class=\"wp-block-embed__wrapper\">\n<iframe loading=\"lazy\" title=\"Elito Rev\u00e9 y su Charang\u00f3n - Ag\u00e1rrame Si Puedes (Audio Cover)\" width=\"1140\" height=\"641\" src=\"https:\/\/www.youtube.com\/embed\/S_B_rl5soQs?feature=oembed\" frameborder=\"0\" allow=\"accelerometer; autoplay; clipboard-write; encrypted-media; gyroscope; picture-in-picture; web-share\" referrerpolicy=\"strict-origin-when-cross-origin\" allowfullscreen><\/iframe>\n<\/div><\/figure>\n\n\n\n<p><br>Si buscas ver a Elito Rev\u00e9 en Chile 2026, este tour es imperdible.<br>Revisa fechas, locaciones y venta de entradas directamente en el portal oficial: <a href=\"#\">www.Descargalatina.cl<\/a><\/p>\n\n\n\n<p><\/p>\n","protected":false},"excerpt":{"rendered":"<p>\u00a1Confirmado! La Aplanadora de Cuba llega a Chile: Elito Rev\u00e9 y su Charang\u00f3n prometen un agosto hist\u00f3rico 70 a\u00f1os de historia del Charang\u00f3n Elito Rev\u00e9 y su Charang\u00f3n no solo representan una agrupaci\u00f3n musical, sino una verdadera escuela de talentos dentro de la m\u00fasica cubana. Bajo la direcci\u00f3n de Elito Rev\u00e9, hijo del legendario Elio [&hellip;]<\/p>\n","protected":false},"author":4,"featured_media":3292,"comment_status":"open","ping_status":"closed","sticky":false,"template":"","format":"standard","meta":{"footnotes":""},"categories":[3,6,72],"tags":[147,60,145,146,52,144],"class_list":["post-3286","post","type-post","status-publish","format-standard","has-post-thumbnail","hentry","category-eventos","category-internacionales","category-salsa-en-chile","tag-charangon","tag-conciertos","tag-cubana","tag-elito-reve","tag-salsa","tag-timba"],"featured_image_src":{"landsacpe":["https:\/\/radio.descargalatina.cl\/latina\/wp-content\/uploads\/2026\/04\/portada-1140x445.jpg",1140,445,true],"list":["https:\/\/radio.descargalatina.cl\/latina\/wp-content\/uploads\/2026\/04\/portada-463x348.jpg",463,348,true],"medium":["https:\/\/radio.descargalatina.cl\/latina\/wp-content\/uploads\/2026\/04\/portada-300x117.jpg",300,117,true],"full":["https:\/\/radio.descargalatina.cl\/latina\/wp-content\/uploads\/2026\/04\/portada.jpg",2280,890,false]},"yoast_head":"<!-- This site is optimized with the Yoast SEO plugin v27.1.1 - https:\/\/yoast.com\/product\/yoast-seo-wordpress\/ -->\n<title>Elito Rev\u00e9 en Chile 2026: 70 a\u00f1os del Charang\u00f3n - Descargalatina.cl<\/title>\n<meta name=\"description\" content=\"Elito Rev\u00e9 y su Charang\u00f3n celebran 70 a\u00f1os en Chile. Fechas, ciudades y detalles del tour 2026 con lo mejor de la timba cubana.\" \/>\n<meta name=\"robots\" content=\"index, follow, max-snippet:-1, max-image-preview:large, max-video-preview:-1\" \/>\n<link rel=\"canonical\" href=\"https:\/\/radio.descargalatina.cl\/latina\/elito-reve-chile-2026-charangon-70-anos\/\" \/>\n<meta property=\"og:locale\" content=\"es_ES\" \/>\n<meta property=\"og:type\" content=\"article\" \/>\n<meta property=\"og:title\" content=\"Elito Rev\u00e9 en Chile 2026: 70 a\u00f1os del Charang\u00f3n - Descargalatina.cl\" \/>\n<meta property=\"og:description\" content=\"Elito Rev\u00e9 y su Charang\u00f3n celebran 70 a\u00f1os en Chile. Fechas, ciudades y detalles del tour 2026 con lo mejor de la timba cubana.\" \/>\n<meta property=\"og:url\" content=\"https:\/\/radio.descargalatina.cl\/latina\/elito-reve-chile-2026-charangon-70-anos\/\" \/>\n<meta property=\"og:site_name\" content=\"Descargalatina.cl\" \/>\n<meta property=\"article:published_time\" content=\"2026-04-28T06:01:52+00:00\" \/>\n<meta property=\"article:modified_time\" content=\"2026-04-28T06:44:17+00:00\" \/>\n<meta property=\"og:image\" content=\"https:\/\/radio.descargalatina.cl\/latina\/wp-content\/uploads\/2026\/04\/portada.jpg\" \/>\n\t<meta property=\"og:image:width\" content=\"2280\" \/>\n\t<meta property=\"og:image:height\" content=\"890\" \/>\n\t<meta property=\"og:image:type\" content=\"image\/jpeg\" \/>\n<meta name=\"author\" content=\"Sofia Prensa\" \/>\n<meta name=\"twitter:card\" content=\"summary_large_image\" \/>\n<meta name=\"twitter:label1\" content=\"Escrito por\" \/>\n\t<meta name=\"twitter:data1\" content=\"Sofia Prensa\" \/>\n\t<meta name=\"twitter:label2\" content=\"Tiempo de lectura\" \/>\n\t<meta name=\"twitter:data2\" content=\"2 minutos\" \/>\n<script type=\"application\/ld+json\" class=\"yoast-schema-graph\">{\"@context\":\"https:\/\/schema.org\",\"@graph\":[{\"@type\":\"Article\",\"@id\":\"https:\/\/radio.descargalatina.cl\/latina\/elito-reve-chile-2026-charangon-70-anos\/#article\",\"isPartOf\":{\"@id\":\"https:\/\/radio.descargalatina.cl\/latina\/elito-reve-chile-2026-charangon-70-anos\/\"},\"author\":{\"name\":\"Sofia Prensa\",\"@id\":\"https:\/\/radio.descargalatina.cl\/latina\/#\/schema\/person\/58de47cb9906e69fa2e59b9a6031e899\"},\"headline\":\"Elito Rev\u00e9 en Chile 2026: 70 a\u00f1os del Charang\u00f3n\",\"datePublished\":\"2026-04-28T06:01:52+00:00\",\"dateModified\":\"2026-04-28T06:44:17+00:00\",\"mainEntityOfPage\":{\"@id\":\"https:\/\/radio.descargalatina.cl\/latina\/elito-reve-chile-2026-charangon-70-anos\/\"},\"wordCount\":297,\"commentCount\":0,\"publisher\":{\"@id\":\"https:\/\/radio.descargalatina.cl\/latina\/#\/schema\/person\/556e3fed329a665452898b34c88bfe06\"},\"image\":{\"@id\":\"https:\/\/radio.descargalatina.cl\/latina\/elito-reve-chile-2026-charangon-70-anos\/#primaryimage\"},\"thumbnailUrl\":\"https:\/\/radio.descargalatina.cl\/latina\/wp-content\/uploads\/2026\/04\/portada.jpg\",\"keywords\":[\"charangon\",\"conciertos\",\"cubana\",\"elito reve\",\"salsa\",\"timba\"],\"articleSection\":[\"Eventos\",\"Internacionales\",\"Salsa en Chile\"],\"inLanguage\":\"es\",\"potentialAction\":[{\"@type\":\"CommentAction\",\"name\":\"Comment\",\"target\":[\"https:\/\/radio.descargalatina.cl\/latina\/elito-reve-chile-2026-charangon-70-anos\/#respond\"]}]},{\"@type\":\"WebPage\",\"@id\":\"https:\/\/radio.descargalatina.cl\/latina\/elito-reve-chile-2026-charangon-70-anos\/\",\"url\":\"https:\/\/radio.descargalatina.cl\/latina\/elito-reve-chile-2026-charangon-70-anos\/\",\"name\":\"Elito Rev\u00e9 en Chile 2026: 70 a\u00f1os del Charang\u00f3n - Descargalatina.cl\",\"isPartOf\":{\"@id\":\"https:\/\/radio.descargalatina.cl\/latina\/#website\"},\"primaryImageOfPage\":{\"@id\":\"https:\/\/radio.descargalatina.cl\/latina\/elito-reve-chile-2026-charangon-70-anos\/#primaryimage\"},\"image\":{\"@id\":\"https:\/\/radio.descargalatina.cl\/latina\/elito-reve-chile-2026-charangon-70-anos\/#primaryimage\"},\"thumbnailUrl\":\"https:\/\/radio.descargalatina.cl\/latina\/wp-content\/uploads\/2026\/04\/portada.jpg\",\"datePublished\":\"2026-04-28T06:01:52+00:00\",\"dateModified\":\"2026-04-28T06:44:17+00:00\",\"description\":\"Elito Rev\u00e9 y su Charang\u00f3n celebran 70 a\u00f1os en Chile. Fechas, ciudades y detalles del tour 2026 con lo mejor de la timba cubana.\",\"breadcrumb\":{\"@id\":\"https:\/\/radio.descargalatina.cl\/latina\/elito-reve-chile-2026-charangon-70-anos\/#breadcrumb\"},\"inLanguage\":\"es\",\"potentialAction\":[{\"@type\":\"ReadAction\",\"target\":[\"https:\/\/radio.descargalatina.cl\/latina\/elito-reve-chile-2026-charangon-70-anos\/\"]}]},{\"@type\":\"ImageObject\",\"inLanguage\":\"es\",\"@id\":\"https:\/\/radio.descargalatina.cl\/latina\/elito-reve-chile-2026-charangon-70-anos\/#primaryimage\",\"url\":\"https:\/\/radio.descargalatina.cl\/latina\/wp-content\/uploads\/2026\/04\/portada.jpg\",\"contentUrl\":\"https:\/\/radio.descargalatina.cl\/latina\/wp-content\/uploads\/2026\/04\/portada.jpg\",\"width\":2280,\"height\":890},{\"@type\":\"BreadcrumbList\",\"@id\":\"https:\/\/radio.descargalatina.cl\/latina\/elito-reve-chile-2026-charangon-70-anos\/#breadcrumb\",\"itemListElement\":[{\"@type\":\"ListItem\",\"position\":1,\"name\":\"Portada\",\"item\":\"https:\/\/radio.descargalatina.cl\/latina\/\"},{\"@type\":\"ListItem\",\"position\":2,\"name\":\"Elito Rev\u00e9 en Chile 2026: 70 a\u00f1os del Charang\u00f3n\"}]},{\"@type\":\"WebSite\",\"@id\":\"https:\/\/radio.descargalatina.cl\/latina\/#website\",\"url\":\"https:\/\/radio.descargalatina.cl\/latina\/\",\"name\":\"Descargalatina.cl 2025\",\"description\":\"el portal radio de m\u00fasica latina en Chile.\",\"publisher\":{\"@id\":\"https:\/\/radio.descargalatina.cl\/latina\/#\/schema\/person\/556e3fed329a665452898b34c88bfe06\"},\"potentialAction\":[{\"@type\":\"SearchAction\",\"target\":{\"@type\":\"EntryPoint\",\"urlTemplate\":\"https:\/\/radio.descargalatina.cl\/latina\/?s={search_term_string}\"},\"query-input\":{\"@type\":\"PropertyValueSpecification\",\"valueRequired\":true,\"valueName\":\"search_term_string\"}}],\"inLanguage\":\"es\"},{\"@type\":[\"Person\",\"Organization\"],\"@id\":\"https:\/\/radio.descargalatina.cl\/latina\/#\/schema\/person\/556e3fed329a665452898b34c88bfe06\",\"name\":\"jonnmerino@gmail.com\",\"logo\":{\"@id\":\"https:\/\/radio.descargalatina.cl\/latina\/#\/schema\/person\/image\/\"},\"sameAs\":[\"https:\/\/radio.descargalatina.cl\/latina\"]},{\"@type\":\"Person\",\"@id\":\"https:\/\/radio.descargalatina.cl\/latina\/#\/schema\/person\/58de47cb9906e69fa2e59b9a6031e899\",\"name\":\"Sofia Prensa\",\"sameAs\":[\"http:\/\/#\"],\"url\":\"https:\/\/radio.descargalatina.cl\/latina\/author\/sofia\/\"}]}<\/script>\n<!-- \/ Yoast SEO plugin. -->","yoast_head_json":{"title":"Elito Rev\u00e9 en Chile 2026: 70 a\u00f1os del Charang\u00f3n - Descargalatina.cl","description":"Elito Rev\u00e9 y su Charang\u00f3n celebran 70 a\u00f1os en Chile. Fechas, ciudades y detalles del tour 2026 con lo mejor de la timba cubana.","robots":{"index":"index","follow":"follow","max-snippet":"max-snippet:-1","max-image-preview":"max-image-preview:large","max-video-preview":"max-video-preview:-1"},"canonical":"https:\/\/radio.descargalatina.cl\/latina\/elito-reve-chile-2026-charangon-70-anos\/","og_locale":"es_ES","og_type":"article","og_title":"Elito Rev\u00e9 en Chile 2026: 70 a\u00f1os del Charang\u00f3n - Descargalatina.cl","og_description":"Elito Rev\u00e9 y su Charang\u00f3n celebran 70 a\u00f1os en Chile. Fechas, ciudades y detalles del tour 2026 con lo mejor de la timba cubana.","og_url":"https:\/\/radio.descargalatina.cl\/latina\/elito-reve-chile-2026-charangon-70-anos\/","og_site_name":"Descargalatina.cl","article_published_time":"2026-04-28T06:01:52+00:00","article_modified_time":"2026-04-28T06:44:17+00:00","og_image":[{"width":2280,"height":890,"url":"https:\/\/radio.descargalatina.cl\/latina\/wp-content\/uploads\/2026\/04\/portada.jpg","type":"image\/jpeg"}],"author":"Sofia Prensa","twitter_card":"summary_large_image","twitter_misc":{"Escrito por":"Sofia Prensa","Tiempo de lectura":"2 minutos"},"schema":{"@context":"https:\/\/schema.org","@graph":[{"@type":"Article","@id":"https:\/\/radio.descargalatina.cl\/latina\/elito-reve-chile-2026-charangon-70-anos\/#article","isPartOf":{"@id":"https:\/\/radio.descargalatina.cl\/latina\/elito-reve-chile-2026-charangon-70-anos\/"},"author":{"name":"Sofia Prensa","@id":"https:\/\/radio.descargalatina.cl\/latina\/#\/schema\/person\/58de47cb9906e69fa2e59b9a6031e899"},"headline":"Elito Rev\u00e9 en Chile 2026: 70 a\u00f1os del Charang\u00f3n","datePublished":"2026-04-28T06:01:52+00:00","dateModified":"2026-04-28T06:44:17+00:00","mainEntityOfPage":{"@id":"https:\/\/radio.descargalatina.cl\/latina\/elito-reve-chile-2026-charangon-70-anos\/"},"wordCount":297,"commentCount":0,"publisher":{"@id":"https:\/\/radio.descargalatina.cl\/latina\/#\/schema\/person\/556e3fed329a665452898b34c88bfe06"},"image":{"@id":"https:\/\/radio.descargalatina.cl\/latina\/elito-reve-chile-2026-charangon-70-anos\/#primaryimage"},"thumbnailUrl":"https:\/\/radio.descargalatina.cl\/latina\/wp-content\/uploads\/2026\/04\/portada.jpg","keywords":["charangon","conciertos","cubana","elito reve","salsa","timba"],"articleSection":["Eventos","Internacionales","Salsa en Chile"],"inLanguage":"es","potentialAction":[{"@type":"CommentAction","name":"Comment","target":["https:\/\/radio.descargalatina.cl\/latina\/elito-reve-chile-2026-charangon-70-anos\/#respond"]}]},{"@type":"WebPage","@id":"https:\/\/radio.descargalatina.cl\/latina\/elito-reve-chile-2026-charangon-70-anos\/","url":"https:\/\/radio.descargalatina.cl\/latina\/elito-reve-chile-2026-charangon-70-anos\/","name":"Elito Rev\u00e9 en Chile 2026: 70 a\u00f1os del Charang\u00f3n - Descargalatina.cl","isPartOf":{"@id":"https:\/\/radio.descargalatina.cl\/latina\/#website"},"primaryImageOfPage":{"@id":"https:\/\/radio.descargalatina.cl\/latina\/elito-reve-chile-2026-charangon-70-anos\/#primaryimage"},"image":{"@id":"https:\/\/radio.descargalatina.cl\/latina\/elito-reve-chile-2026-charangon-70-anos\/#primaryimage"},"thumbnailUrl":"https:\/\/radio.descargalatina.cl\/latina\/wp-content\/uploads\/2026\/04\/portada.jpg","datePublished":"2026-04-28T06:01:52+00:00","dateModified":"2026-04-28T06:44:17+00:00","description":"Elito Rev\u00e9 y su Charang\u00f3n celebran 70 a\u00f1os en Chile. Fechas, ciudades y detalles del tour 2026 con lo mejor de la timba cubana.","breadcrumb":{"@id":"https:\/\/radio.descargalatina.cl\/latina\/elito-reve-chile-2026-charangon-70-anos\/#breadcrumb"},"inLanguage":"es","potentialAction":[{"@type":"ReadAction","target":["https:\/\/radio.descargalatina.cl\/latina\/elito-reve-chile-2026-charangon-70-anos\/"]}]},{"@type":"ImageObject","inLanguage":"es","@id":"https:\/\/radio.descargalatina.cl\/latina\/elito-reve-chile-2026-charangon-70-anos\/#primaryimage","url":"https:\/\/radio.descargalatina.cl\/latina\/wp-content\/uploads\/2026\/04\/portada.jpg","contentUrl":"https:\/\/radio.descargalatina.cl\/latina\/wp-content\/uploads\/2026\/04\/portada.jpg","width":2280,"height":890},{"@type":"BreadcrumbList","@id":"https:\/\/radio.descargalatina.cl\/latina\/elito-reve-chile-2026-charangon-70-anos\/#breadcrumb","itemListElement":[{"@type":"ListItem","position":1,"name":"Portada","item":"https:\/\/radio.descargalatina.cl\/latina\/"},{"@type":"ListItem","position":2,"name":"Elito Rev\u00e9 en Chile 2026: 70 a\u00f1os del Charang\u00f3n"}]},{"@type":"WebSite","@id":"https:\/\/radio.descargalatina.cl\/latina\/#website","url":"https:\/\/radio.descargalatina.cl\/latina\/","name":"Descargalatina.cl 2025","description":"el portal radio de m\u00fasica latina en Chile.","publisher":{"@id":"https:\/\/radio.descargalatina.cl\/latina\/#\/schema\/person\/556e3fed329a665452898b34c88bfe06"},"potentialAction":[{"@type":"SearchAction","target":{"@type":"EntryPoint","urlTemplate":"https:\/\/radio.descargalatina.cl\/latina\/?s={search_term_string}"},"query-input":{"@type":"PropertyValueSpecification","valueRequired":true,"valueName":"search_term_string"}}],"inLanguage":"es"},{"@type":["Person","Organization"],"@id":"https:\/\/radio.descargalatina.cl\/latina\/#\/schema\/person\/556e3fed329a665452898b34c88bfe06","name":"jonnmerino@gmail.com","logo":{"@id":"https:\/\/radio.descargalatina.cl\/latina\/#\/schema\/person\/image\/"},"sameAs":["https:\/\/radio.descargalatina.cl\/latina"]},{"@type":"Person","@id":"https:\/\/radio.descargalatina.cl\/latina\/#\/schema\/person\/58de47cb9906e69fa2e59b9a6031e899","name":"Sofia Prensa","sameAs":["http:\/\/#"],"url":"https:\/\/radio.descargalatina.cl\/latina\/author\/sofia\/"}]}},"_links":{"self":[{"href":"https:\/\/radio.descargalatina.cl\/latina\/wp-json\/wp\/v2\/posts\/3286","targetHints":{"allow":["GET"]}}],"collection":[{"href":"https:\/\/radio.descargalatina.cl\/latina\/wp-json\/wp\/v2\/posts"}],"about":[{"href":"https:\/\/radio.descargalatina.cl\/latina\/wp-json\/wp\/v2\/types\/post"}],"author":[{"embeddable":true,"href":"https:\/\/radio.descargalatina.cl\/latina\/wp-json\/wp\/v2\/users\/4"}],"replies":[{"embeddable":true,"href":"https:\/\/radio.descargalatina.cl\/latina\/wp-json\/wp\/v2\/comments?post=3286"}],"version-history":[{"count":4,"href":"https:\/\/radio.descargalatina.cl\/latina\/wp-json\/wp\/v2\/posts\/3286\/revisions"}],"predecessor-version":[{"id":3294,"href":"https:\/\/radio.descargalatina.cl\/latina\/wp-json\/wp\/v2\/posts\/3286\/revisions\/3294"}],"wp:featuredmedia":[{"embeddable":true,"href":"https:\/\/radio.descargalatina.cl\/latina\/wp-json\/wp\/v2\/media\/3292"}],"wp:attachment":[{"href":"https:\/\/radio.descargalatina.cl\/latina\/wp-json\/wp\/v2\/media?parent=3286"}],"wp:term":[{"taxonomy":"category","embeddable":true,"href":"https:\/\/radio.descargalatina.cl\/latina\/wp-json\/wp\/v2\/categories?post=3286"},{"taxonomy":"post_tag","embeddable":true,"href":"https:\/\/radio.descargalatina.cl\/latina\/wp-json\/wp\/v2\/tags?post=3286"}],"curies":[{"name":"wp","href":"https:\/\/api.w.org\/{rel}","templated":true}]}}